{"id":1143,"date":"2019-11-05T15:39:55","date_gmt":"2019-11-05T14:39:55","guid":{"rendered":"http:\/\/kantilive.ch\/?p=1143"},"modified":"2019-11-05T15:44:37","modified_gmt":"2019-11-05T14:44:37","slug":"poetry-slam-an-der-ksbg","status":"publish","type":"post","link":"https:\/\/kantilive.ch\/index.php\/2019\/11\/05\/poetry-slam-an-der-ksbg\/","title":{"rendered":"Poetry Slam an der KSBG"},"content":{"rendered":"<div class=\"page\" title=\"Page 1\">\n<div class=\"layoutArea\">\n<div class=\"column\">\n<p>Alle zwei Jahre finden an der Kantonsschule am Burggraben Poetry Slam Meisterschaften statt. Das ist auch dieses Jahr wieder der Fall. Aber wie funktioniert das genau? Wie kann man das na\u0308chste Mal sogar selber mitmachen?<\/p>\n<p><!--more--><\/p>\n<p>Um am Slam der ganzen Schule teilzunehmen, gibt es zuerst einen klasseninternen Wettbewerb. Wenn sich die Klasse dazu entschieden hat, besuchte sie vor dem Wettbewerb in der Klasse den Kick- off Vortrag zweier Slammer, die zuallerst die Grundstruktur eines Slams und dessen Regeln erkla\u0308ren. Somit kann man schon erste Erfahrungen in Sachen Poetry Slam sammeln. Die Gewinner des klasseninternen Wettbewerbs werden am 8.11., am Nachmittag das Auftreten und Vortragen u\u0308ben mit Jonin Herzig, einem jungen schweizer Slammer und Schauspieler. Von ihm bekommen die Slammer fremde Texte, die es best mo\u0308glich vorzutragen gilt, und auf den Schul-Slam vorbereiten. Dieser findet am Dienstagabend, dem 12.11. ab 17.15 in der Aula Neubau statt. Die Besten qualifizieren sich dann fu\u0308r das Finale, welches im Jugendkulturraum flon stattfindet. Dort messen sich die Finalisten mit Schu\u0308lern aus anderen St. Galler Kantonsschulen.<\/p>\n<p><em>Tobias Lippuner hat bereits im Untergymnasium einmal an einem solchen Schul-Slam teilgenommen und teilt seine und Erfahrungen:<\/em><\/p>\n<p><strong>Du hast vor zwei Jahren bereits einmal teilgenommen und wirst auch dieses Jahr wieder dabei sein, was war der ausschlaggebende Grund fu\u0308r diese Entscheidung?<\/strong><\/p>\n<p>Der Poetry Slam Wettbewerb bietet eine super Gelegenheit aus dem Alltag auszubrechen. Die Gelegenheit vor so vielen Gleichaltrigen einen eigenen Text vorzutragen ist einmalig, beziehungsweise bei mir bald zweimalig!<\/p>\n<p><strong>Was war fu\u0308r dich das Beste an diesem Wettbewerb?<\/strong><\/p>\n<p>Definitiv wie mein Slam beim Publikum angekommen ist. Ich denke das schlimmste ist, wenn das Publikum deine Witze nicht versteht und niemand lacht. Umso scho\u0308ner ist es dafu\u0308r, wenn der Slam ankommt und man das Publikum zum Lachen oder Nachdenken bringen kann.<\/p>\n<p><strong>Und noch eine letzte Frage: Was gibst du Slammern, die dieses Jahr das Erste Mal teilnehmen, fu\u0308r einen Tipp?<\/strong><\/p>\n<p>Ich denke ein Slam braucht einen Sinn, wie eine Botschaft zu vermitteln oder lustig zu sein. Zudem hat fu\u0308r mich jeder gute Slam eine Wendung oder eine Pointe. Eine grosse Wirkung hat auch ein markanter Schlusssatz. Bei meinem aktuellen Slam zum Beispiel ist die Wendung in der Schluss- Phrase.<\/p>\n<\/div>\n<\/div>\n<\/div>\n<p>&nbsp;<\/p>\n","protected":false},"excerpt":{"rendered":"<p>Alle zwei Jahre finden an der Kantonsschule am Burggraben Poetry Slam Meisterschaften statt. Das ist auch dieses Jahr wieder der Fall. Aber wie funktioniert das &hellip; <\/p>\n","protected":false},"author":29,"featured_media":0,"comment_status":"closed","ping_status":"closed","sticky":false,"template":"","format":"standard","meta":{"spay_email":"","jetpack_publicize_message":"","jetpack_is_tweetstorm":false},"categories":[1,5,8,9],"tags":[],"jetpack_featured_media_url":"","jetpack_publicize_connections":[],"jetpack_sharing_enabled":true,"jetpack_shortlink":"https:\/\/wp.me\/pav19Q-ir","jetpack-related-posts":[{"id":805,"url":"https:\/\/kantilive.ch\/index.php\/2019\/06\/27\/selbst-in-der-bu-gibt-es-fuer-die-ibler-keine-pause\/","url_meta":{"origin":1143,"position":0},"title":"Selbst in der BU gibt es f\u00fcr die IBler keine Pause","date":"27. Juni 2019","format":false,"excerpt":"Die IB-Klasse muss in den ersten BU-Tagen eine Arbeit fertig schreiben. Auch darum ist die Maturaarbeit im vierten Jahr f\u00fcr die IBler nur eine weitere Arbeit. Etwas Besseres seien sie deshalb aber nicht, sagen vier Sch\u00fcler der 3cNP. Wer eine bilinguale Matura in den Schwerpunktf\u00e4chern \u00abBiologie und Chemie\u00bb beziehungsweise \u00abPhysik\u2026","rel":"","context":"In &quot;BU II&quot;","img":{"alt_text":"","src":"https:\/\/i0.wp.com\/kantilive.ch\/wp-content\/uploads\/2019\/06\/IBbesser.jpg?fit=1200%2C485&ssl=1&resize=350%2C200","width":350,"height":200},"classes":[]},{"id":3300,"url":"https:\/\/kantilive.ch\/index.php\/2021\/09\/30\/sind-iblerinnen-die-elite-der-kanti-herr-luetolf\/","url_meta":{"origin":1143,"position":1},"title":"Sind IBler*innen die Elite der Kanti, Herr L\u00fctolf?","date":"30. September 2021","format":false,"excerpt":"Seit 2017 bietet die KSBG das IB Diploma Program an, 2019 hat die erste Klasse ihre Diplome erhalten. Im Interview mit Samuel Diggelmann und Finn Bogdan erkl\u00e4rt der Rektor Michael L\u00fctolf, was das IB eigentlich ist und was es den Sch\u00fcler*innen bringt. \u00a0 Herr L\u00fctolf, Sie sind seit bald sieben\u2026","rel":"","context":"In &quot;Allgemein&quot;","img":{"alt_text":"","src":"https:\/\/i0.wp.com\/kantilive.ch\/wp-content\/uploads\/2021\/09\/A5FB40EF-2DB9-4C79-AD92-A85166BA6F5D-scaled.jpeg?fit=1200%2C900&ssl=1&resize=350%2C200","width":350,"height":200},"classes":[]},{"id":4900,"url":"https:\/\/kantilive.ch\/index.php\/2024\/01\/29\/was-macht-man-beim-halbfinale-der-philosophieolympiade\/","url_meta":{"origin":1143,"position":2},"title":"Was macht man beim Halbfinale der Philosophieolympiade?","date":"29. Januar 2024","format":false,"excerpt":"Womit besch\u00e4ftigt man sich bei einem Halbfinale der Philosophieolympiade? Kluge Aufs\u00e4tze schreiben? Um den Aufsatz auf Englisch zu schreiben, musste man fr\u00fch aufstehen, um f\u00fcnf Uhr morgens, und eine drei Stunden lange Zugfahrt nach Fribourg \u00fcberleben. Zwischen 9:30 und 15:30 waren zwei Sachen geplant: Workshop und Schreiben. Nat\u00fcrlich ging der\u2026","rel":"","context":"In &quot;Allgemein&quot;","img":{"alt_text":"","src":"https:\/\/i0.wp.com\/kantilive.ch\/wp-content\/uploads\/2024\/01\/MicrosoftTeams-image-6.jpg?fit=1200%2C900&ssl=1&resize=350%2C200","width":350,"height":200},"classes":[]},{"id":1839,"url":"https:\/\/kantilive.ch\/index.php\/2020\/05\/03\/wir-wissen-noch-nicht-ob-wir-als-schueler-der-zwoelften-klasse-die-matura-absolvieren-werden-corona-abroad-spanien\/","url_meta":{"origin":1143,"position":3},"title":"\"Wir wissen noch nicht, ob wir als Sch\u00fcler der zw\u00f6lften Klasse die Matura absolvieren werden\" - Corona Abroad Spanien","date":"3. Mai 2020","format":false,"excerpt":"Mein Name ist Jon Ruiz Mart\u00ednez, ich bin 17 Jahre alt und besuche die Schweizer Schule Barcelona (ESB). Der Grund daf\u00fcr ist nicht, dass meine Familie aus der Schweiz kommt, sondern dass meine Eltern wollten, dass sich meine Bildung auf einer fremden Sprache basiert. Dank der festen Beziehung zwischen der\u2026","rel":"","context":"In &quot;Corona&quot;","img":{"alt_text":"Bild: Jon Ruiz","src":"https:\/\/i0.wp.com\/kantilive.ch\/wp-content\/uploads\/2020\/05\/Photo-Jon.jpg?fit=850%2C638&ssl=1&resize=350%2C200","width":350,"height":200},"classes":[]},{"id":1433,"url":"https:\/\/kantilive.ch\/index.php\/2020\/03\/24\/fernunterricht-in-der-fachgruppe-wirtschaft-und-recht\/","url_meta":{"origin":1143,"position":4},"title":"Fernunterricht in der Fachgruppe Wirtschaft und Recht","date":"24. M\u00e4rz 2020","format":false,"excerpt":"Fachgruppenvorsitzender der Fachgruppe Wirtschaft und Recht ist Ueli Albrecht. Er hat sich unseren Fragen gestellt. Haben Sie eine allgemeine Herangehensweise f\u00fcr Ihre Fachgruppe vorgeschrieben? Wenn ja, welche w\u00e4re das? (Direkter Austausch, Arbeitsauftr\u00e4ge etc.) Es ist nicht die Aufgabe der Fachgruppenleitungen, anderen etwas vorzuschreiben. Wir wurden ja direkt nach der BU1\u2026","rel":"","context":"In &quot;Corona&quot;","img":{"alt_text":"","src":"","width":0,"height":0},"classes":[]},{"id":3770,"url":"https:\/\/kantilive.ch\/index.php\/2022\/02\/04\/wenn-ich-die-maturaarbeit-nochmals-schreiben-muesste-tipps-einer-viertklaesslerin\/","url_meta":{"origin":1143,"position":5},"title":"Wenn ich die Maturaarbeit nochmals schreiben m\u00fcsste... - Tipps einer Viertkl\u00e4sslerin","date":"4. Februar 2022","format":false,"excerpt":"Die Maturaarbeit markiert auf gewisse Weise den Anfang vom Ende unserer Kantizeit. Doch wie ist es so, eine solche zu schreiben? Einige Erkenntnisse nach dem heutigen Abgabetermin. Die Maturaarbeit besch\u00e4ftigt die Sch\u00fcler*innen relativ lange. Im Fr\u00fchjahr der dritten Klasse gibt es erste Informationen durch Herrn N\u00e4f, den zust\u00e4ndigen Prorektor. Der\u2026","rel":"","context":"In &quot;Allgemein&quot;","img":{"alt_text":"","src":"https:\/\/i0.wp.com\/kantilive.ch\/wp-content\/uploads\/2022\/02\/E11B52A6-373E-423A-A941-62AE33C5A98F.jpeg?fit=1200%2C679&ssl=1&resize=350%2C200","width":350,"height":200},"classes":[]}],"_links":{"self":[{"href":"https:\/\/kantilive.ch\/index.php\/wp-json\/wp\/v2\/posts\/1143"}],"collection":[{"href":"https:\/\/kantilive.ch\/index.php\/wp-json\/wp\/v2\/posts"}],"about":[{"href":"https:\/\/kantilive.ch\/index.php\/wp-json\/wp\/v2\/types\/post"}],"author":[{"embeddable":true,"href":"https:\/\/kantilive.ch\/index.php\/wp-json\/wp\/v2\/users\/29"}],"replies":[{"embeddable":true,"href":"https:\/\/kantilive.ch\/index.php\/wp-json\/wp\/v2\/comments?post=1143"}],"version-history":[{"count":4,"href":"https:\/\/kantilive.ch\/index.php\/wp-json\/wp\/v2\/posts\/1143\/revisions"}],"predecessor-version":[{"id":1147,"href":"https:\/\/kantilive.ch\/index.php\/wp-json\/wp\/v2\/posts\/1143\/revisions\/1147"}],"wp:attachment":[{"href":"https:\/\/kantilive.ch\/index.php\/wp-json\/wp\/v2\/media?parent=1143"}],"wp:term":[{"taxonomy":"category","embeddable":true,"href":"https:\/\/kantilive.ch\/index.php\/wp-json\/wp\/v2\/categories?post=1143"},{"taxonomy":"post_tag","embeddable":true,"href":"https:\/\/kantilive.ch\/index.php\/wp-json\/wp\/v2\/tags?post=1143"}],"curies":[{"name":"wp","href":"https:\/\/api.w.org\/{rel}","templated":true}]}}