{"id":1171,"date":"2019-11-16T16:26:39","date_gmt":"2019-11-16T15:26:39","guid":{"rendered":"http:\/\/kantilive.ch\/?p=1171"},"modified":"2019-11-16T16:26:39","modified_gmt":"2019-11-16T15:26:39","slug":"an-der-kanti-wird-politisiert","status":"publish","type":"post","link":"https:\/\/kantilive.ch\/index.php\/2019\/11\/16\/an-der-kanti-wird-politisiert\/","title":{"rendered":"An der Kanti wird politisiert&#8230;"},"content":{"rendered":"<p><em><span style=\"color: #999999;\">(Quelle: Momoko Berthold)<\/span><\/em><\/p>\n<p>Am 25. November findet an der Kantonsschule am Burgraben zum zweiten Mal der Politiktag statt. Die angemeldeten vierten Klassen werden einen Morgen lang in einem Vortrag, Workshops und Diskussionsrunden verschiedene Aspekte des Themas Medien und Kommunikation in der Politik behandeln.<\/p>\n<p><!--more--><\/p>\n<p>Der Anlass wird ausschliesslich von einem Komitee aus Sch\u00fclern organisiert, die sich mit grossem Elan der Sache angenommen haben und ein tolles Angebot f\u00fcr alle Teilnehmenden geschaffen haben. Ich habe mich mit Basil Herold und Alberto Caballero f\u00fcr ein Interview getroffen.<\/p>\n<p>Wie gross war jetzt in der Anmeldungsphase das Interesse?<\/p>\n<p>Basil<br \/>\nJa, wir hatten sieben verf\u00fcgbare Pl\u00e4tze, f\u00fcr welche sich in k\u00fcrzester Zeit sieben Klassen angemeldet haben. Das Interesse war demnach gross.<\/p>\n<p>Wie sieht das Programm genau aus?<\/p>\n<p>Basil<br \/>\nWir starten um 9 Uhr mit einer Vorlesung von Daniel Sager, dem Leiter von TV S\u00fcdostschweiz. Danach wird es zehn individuelle Workshops geben. Jeder Sch\u00fcler hat sich im Vorhinein f\u00fcr einen dieser Workshops angemeldet. Diese Workshops werden von Sch\u00fclern, Experten und Lehrern geleitet und behandeln alle Aspekte des Themengebietes Kommunikation und Medien. Da gibt es zum Beispiel die Analyse von Hanspeter Tr\u00fctsch, dem ehemaligen Leiter der Bundesredaktion des SRF, der vergangenen Wahlen. Oder von Ella Gabathuler, einer Sch\u00fclerin, ein Input zu Youtube als Plattform f\u00fcr Politik. Zum Abschluss findet in der Aula eine Diskussionsrunde statt in der f\u00fcnf Leute, darunter zwei Nationalr\u00e4te, \u00fcber verschiedene Aspekte der Kommunikation in der Politik diskutieren.<\/p>\n<p>Warum ist es wichtig, dass der Politiktag stattfindet?<\/p>\n<p>Alberto<br \/>\nDie grundlegende Idee war nat\u00fcrlich Sch\u00fclern politische Themen n\u00e4herzubringen und politisches Interesse zu vermitteln. Von da kommt auch die Idee f\u00fcr unser Thema, Medien und Kommunikation, weil es uns eben als Generation generell betrifft und auch in der Politik an immer mehr Gewicht erh\u00e4lt.<\/p>\n<p>Und trotzdem war die Jugend selten so politisch wie heute. Woran liegt das?<\/p>\n<p>Basil<br \/>\nIch habe vor zwei Jahren mit Leuten gesprochen, die meinten Politik interessiere sie nicht, weil sie sich von Themen nicht angesprochen f\u00fchlten. Pl\u00f6tzlich entdecken sie jedoch, dass in der Politik \u00fcber Wohnungsmieten debattiert wird und merken, dass das auch f\u00fcr sie relevant ist, wenn man einmal eine WG m\u00f6chte, zum Beispiel. Und pl\u00f6tzlich geht einem auf, dass das, was in Bern diskutiert wird, alle betrifft.<\/p>\n<p>Alberto<br \/>\nIch denke auch, dass gerade die Themen, mit denen aktuell politisiert wird, auf die Jugend eine grosse Anziehung aus\u00fcben. Mit Hinblick auf Klimadebatte oder Digitalisierung etwa.<\/p>\n<p>Gab es bei der Organisation Schwierigkeiten?<\/p>\n<p>Alberto<br \/>\nDa das Komitee erst relativ kurzfristig gebildet wurde, standen wir zeitweise etwas unter Zeitdruck, Gerade beim Anfragen von externen Fachleuten. Ansonsten verlief die Planung relativ problemlos.<\/p>\n<p>Das Angebot des Politiktages besteht nur f\u00fcr Viertkl\u00e4ssler. Warum?<\/p>\n<p>Basil<br \/>\nErstens w\u00e4re es schwieriger, die Klassen auszuw\u00e4hlen, da die maximale Sch\u00fcleranzahl durch die Workshops begrenzt ist, weil man nicht f\u00fcr f\u00fcnfzig Klassen Workshops anbieten kann. Und zweitens kam Herr Gentil mit diesen Anforderungen auf uns zu und eine Ausweitung des Angebots auf andere Klassen stand dadurch gar nie zur Diskussion.<\/p>\n<p>Zum Thema des Politiktags selber. Warum sind dieses Jahr Medien und Kommunikation wichtig?<\/p>\n<p>Basil<br \/>\nNun, es gibt nat\u00fcrlich auch andere wichtige Themen. Wir haben uns \u00fcberlegt was die Leute anspricht. Was stand da alles zur Auswahl? Nat\u00fcrlich das Klima, aber da haben wir uns dann relativ einstimmig dagegen entschieden. Kommunikation ist etwas Allt\u00e4gliches und alle Leute lesen tagt\u00e4glich Zeitung auf ihrem Handy oder sehen die Tagesschau. Und das spricht Kantisch\u00fcler im Gegensatz zur Altersvorsorge beispielsweise auch an.<\/p>\n<p>Alberto<br \/>\nUnd global gesehen gewinnen Medien in der Politik immer mehr an Bedeutung. In der Schweiz sieht man das vielleicht ein bisschen weniger. Aber genau deshalb wollten wir das mit dem Thema noch deutlicher zeigen. Aus den USA h\u00f6rt man st\u00e4ndig von \u201efake news\u201c und so weiter. Sollten sich solche Entwicklungen auch in Europa abzeichnen, w\u00fcrde das zu einem wichtigen Thema f\u00fcr die n\u00e4chste Generation werden.<\/p>\n<p>Wie betrifft uns dieses Thema heute als Kantisch\u00fcler?<\/p>\n<p>Basil<br \/>\nIch denke, die Medien sind das Organ, das den B\u00fcrgern erm\u00f6glicht, sich eine eigene Meinung zu bilden. Dass heisst, wenn man sich als Kantisch\u00fcler eine politische Meinung bilden m\u00f6chte, dann braucht man erst einmal einen Lehrer, der einem die Gr\u00fcndz\u00fcge der Politik erkl\u00e4rt. Um danach jedoch an aktuelle Themen heranzukommen und und sich Informationen zu beschaffen, braucht man neutrale Medien. Und letzteres betrifft Kantisch\u00fcler genauso wie alle anderen.<\/p>\n<p>Wollte man mit Medien und Kommunikation bewusst ein anderes Thema als die omnipr\u00e4sente Klimadebatte beleuchten?<\/p>\n<p>Basil<br \/>\nJa, f\u00fcr mich pers\u00f6nlich war das auf jeden Fall entscheidend. Nat\u00fcrlich stand das Thema auch zur Auswahl, jedoch wurde es jetzt im Wahlkampf so gr\u00fcndlich behandelt, dass fast alles dazu gesagt wurde. Obwohl es ein wichtiges Thema ist, haben auch andere Themen Geh\u00f6r und Aufmerksamkeit verdient.<\/p>\n<p>Es werden an der abschliessenden Diskussionsrunde mit Franziska Ryser und Lukas Reimann zwei Nationalr\u00e4te teilnehmen. Wie waren eure Reaktionen auf deren Zusagen?<\/p>\n<p>Basil<br \/>\nWir haben uns nat\u00fcrlich sehr dar\u00fcber gefreut. Vor allem weil von ihnen die beiden Enden des rechts-links Spektrums sehr gut vertreten sein werden. Deshalb waren wir sehr gl\u00fccklich, dass wir gerade diese beiden gefunden haben und nicht zwei Mittepolitiker, bei denen wahrscheinlich etwas weniger Konfliktpotenzial bestanden h\u00e4tte.<\/p>\n<p>Beide waren fr\u00fcher mal an der Kanti am Burggraben. Hat das eine Rolle gespielt?<\/p>\n<p>Basil<br \/>\nNein, das hatte da keinen Einfluss. Bei Lukas Reimann wusste ich es nicht einmal. Er hat erst danach geschrieben: \u201eIch komme liebend gerne an meine ehemalige Schule.\u201c Wir haben gemeinsam diskutiert, welche G\u00e4ste sich eignen k\u00f6nnten und offenbar haben uns richtig entschieden.<\/p>\n<p>Was erhofft ihr euch konkret von ihrem Besuch?<\/p>\n<p>Alberto<br \/>\nIch hoffe auf eine konstant spannende Gespr\u00e4chsrunde und nat\u00fcrlich darauf, dass es den Zuschauern nicht langweilig wird. Und dass uns ein Einblick darin gew\u00e4hrt wird, wie diese Politiker ticken und wie sie \u00fcber die Medien denken. Ich denke, wir werden eine Menge dar\u00fcber erfahren, wie Medien politisch genutzt werden k\u00f6nnen und sollten. Demnach hoffe ich, dass uns diese Zusammenh\u00e4nge mit Beispielen aus ihrem Alltag n\u00e4hergebracht werden k\u00f6nnen.<\/p>\n","protected":false},"excerpt":{"rendered":"<p>(Quelle: Momoko Berthold) Am 25. November findet an der Kantonsschule am Burgraben zum zweiten Mal der Politiktag statt. Die angemeldeten vierten Klassen werden einen Morgen &hellip; <\/p>\n","protected":false},"author":28,"featured_media":1174,"comment_status":"closed","ping_status":"closed","sticky":false,"template":"","format":"standard","meta":{"spay_email":"","jetpack_publicize_message":"","jetpack_is_tweetstorm":false},"categories":[1],"tags":[],"jetpack_featured_media_url":"https:\/\/i1.wp.com\/kantilive.ch\/wp-content\/uploads\/2019\/11\/953F52CD-733E-48AC-BC37-BE8A3BABA5E7.jpeg?fit=1884%2C1854&ssl=1","jetpack_publicize_connections":[],"jetpack_sharing_enabled":true,"jetpack_shortlink":"https:\/\/wp.me\/pav19Q-iT","jetpack-related-posts":[{"id":1096,"url":"https:\/\/kantilive.ch\/index.php\/2019\/10\/29\/die-ksbg-geht-nach-sion\/","url_meta":{"origin":1171,"position":0},"title":"Die KSBG geht nach Sion","date":"29. Oktober 2019","format":false,"excerpt":"Wie schon alle mitbekommen haben, geht die ganze Schule im n\u00e4chsten Semester im Mai nach Sion. Wir wollten Genaueres \u00fcber die Schulreise wissen und haben unseren Rektor Marc K\u00f6nig ausgefragt. Da die Meinung der Sch\u00fclerinnen und Sch\u00fcler an unserer Schule von grosser Bedeutung ist, ergriffen wir die M\u00f6glichkeit und stellten\u2026","rel":"","context":"In &quot;Allgemein&quot;","img":{"alt_text":"","src":"","width":0,"height":0},"classes":[]},{"id":3300,"url":"https:\/\/kantilive.ch\/index.php\/2021\/09\/30\/sind-iblerinnen-die-elite-der-kanti-herr-luetolf\/","url_meta":{"origin":1171,"position":1},"title":"Sind IBler*innen die Elite der Kanti, Herr L\u00fctolf?","date":"30. September 2021","format":false,"excerpt":"Seit 2017 bietet die KSBG das IB Diploma Program an, 2019 hat die erste Klasse ihre Diplome erhalten. Im Interview mit Samuel Diggelmann und Finn Bogdan erkl\u00e4rt der Rektor Michael L\u00fctolf, was das IB eigentlich ist und was es den Sch\u00fcler*innen bringt. \u00a0 Herr L\u00fctolf, Sie sind seit bald sieben\u2026","rel":"","context":"In &quot;Allgemein&quot;","img":{"alt_text":"","src":"https:\/\/i0.wp.com\/kantilive.ch\/wp-content\/uploads\/2021\/09\/A5FB40EF-2DB9-4C79-AD92-A85166BA6F5D-scaled.jpeg?fit=1200%2C900&ssl=1&resize=350%2C200","width":350,"height":200},"classes":[]},{"id":808,"url":"https:\/\/kantilive.ch\/index.php\/2019\/07\/01\/sinn-und-zweck-der-bus-mit-herr-wenk\/","url_meta":{"origin":1171,"position":2},"title":"Warum gibt es in der 1. Klasse keine Klassenwochen mehr?","date":"1. Juli 2019","format":false,"excerpt":"Viele freuen sich darauf, einige w\u00fcnschten, es g\u00e4be sie nicht, aber alles in allem erfreuen sich die Sch\u00fclerinnen und Sch\u00fcler an der Abwechslung und den neuen Erkenntnissen, die eine besondere Unterrichtswoche mit sich bringt. Trotzdem h\u00e4tten wir ein paar Fragen an\u00a0Prorektor Andreas Wenk. Herr Wenk, was soll den Menschen an\u2026","rel":"","context":"In &quot;BU II&quot;","img":{"alt_text":"","src":"","width":0,"height":0},"classes":[]},{"id":2168,"url":"https:\/\/kantilive.ch\/index.php\/2020\/10\/29\/michael-luetolf-die-schule-muesste-einen-groesseren-schritt-richtung-interdisziplinaritaet-machen\/","url_meta":{"origin":1171,"position":3},"title":"Michael L\u00fctolf: \u201eDie Schule m\u00fcsste einen gr\u00f6sseren Schritt Richtung Interdisziplinarit\u00e4t machen\u201c","date":"29. Oktober 2020","format":false,"excerpt":"Big News! Endlich haben wir erfahren, wer ab August 2021 unser neuer Rektor sein wird: Michael L\u00fctolf, der bisherige Prorektor der mathematisch- naturwissenschaftlichen Abteilung. Als Nachfolger von Herrn K\u00f6nig, der nach 14-j\u00e4hriger Amtszeit nun seinen Posten abgibt und in den Ruhestand tritt, wird er sein Amt \u00fcbernehmen. Um unseren zuk\u00fcnftigen\u2026","rel":"","context":"In &quot;Personen&quot;","img":{"alt_text":"","src":"https:\/\/i0.wp.com\/kantilive.ch\/wp-content\/uploads\/2020\/10\/4A7C3C42-0FBD-41E9-BA16-54D5F425D36B.jpeg?fit=1140%2C390&ssl=1&resize=350%2C200","width":350,"height":200},"classes":[]},{"id":1484,"url":"https:\/\/kantilive.ch\/index.php\/2020\/03\/28\/aus-10-jahren-immersion-wird-11-jahre-immersion\/","url_meta":{"origin":1171,"position":4},"title":"Aus 10 Jahren ImmerSion wird 11 Jahre ImmerSion","date":"28. M\u00e4rz 2020","format":false,"excerpt":"Es stand im Rektoratsmail vom Montag: Das Coronavirus macht dem Jubil\u00e4um von ImmerSion einen Strich durch die Rechnung. Jedoch wird die Reise n\u00e4chstes Jahr am 6.\/7. Mai durchgef\u00fchrt. Wir haben mit Prorektor Andreas Wenk gesprochen, der f\u00fcr die Umsetzung zust\u00e4ndig ist. Jedes vierte Jahr findet an der KSBG ein gr\u00f6sseres\u2026","rel":"","context":"In &quot;Allgemein&quot;","img":{"alt_text":"","src":"","width":0,"height":0},"classes":[]},{"id":1481,"url":"https:\/\/kantilive.ch\/index.php\/2020\/03\/27\/fernunterricht-in-der-fachgruppe-physik\/","url_meta":{"origin":1171,"position":5},"title":"Fernunterricht in der Fachgruppe Physik","date":"27. M\u00e4rz 2020","format":false,"excerpt":"Fachgruppenvorsitzender der Fachgruppe Physik ist Daniel M\u00fcggler. Er hat sich unseren Fragen gestellt. Haben Sie eine allgemeine Herangehensweise f\u00fcr Ihre Fachgruppe vorgeschrieben? Wenn ja, welche w\u00e4re das? (Direkter Austausch, Arbeitsauftr\u00e4ge etc.) Es besteht keine Vorschrift innerhalb der Fachgruppe; eine solche w\u00fcrde wohl auch der gesetzlich gegebenen Methodenfreiheit widersprechen. Um unsere\u2026","rel":"","context":"In &quot;Allgemein&quot;","img":{"alt_text":"","src":"","width":0,"height":0},"classes":[]}],"_links":{"self":[{"href":"https:\/\/kantilive.ch\/index.php\/wp-json\/wp\/v2\/posts\/1171"}],"collection":[{"href":"https:\/\/kantilive.ch\/index.php\/wp-json\/wp\/v2\/posts"}],"about":[{"href":"https:\/\/kantilive.ch\/index.php\/wp-json\/wp\/v2\/types\/post"}],"author":[{"embeddable":true,"href":"https:\/\/kantilive.ch\/index.php\/wp-json\/wp\/v2\/users\/28"}],"replies":[{"embeddable":true,"href":"https:\/\/kantilive.ch\/index.php\/wp-json\/wp\/v2\/comments?post=1171"}],"version-history":[{"count":4,"href":"https:\/\/kantilive.ch\/index.php\/wp-json\/wp\/v2\/posts\/1171\/revisions"}],"predecessor-version":[{"id":1177,"href":"https:\/\/kantilive.ch\/index.php\/wp-json\/wp\/v2\/posts\/1171\/revisions\/1177"}],"wp:featuredmedia":[{"embeddable":true,"href":"https:\/\/kantilive.ch\/index.php\/wp-json\/wp\/v2\/media\/1174"}],"wp:attachment":[{"href":"https:\/\/kantilive.ch\/index.php\/wp-json\/wp\/v2\/media?parent=1171"}],"wp:term":[{"taxonomy":"category","embeddable":true,"href":"https:\/\/kantilive.ch\/index.php\/wp-json\/wp\/v2\/categories?post=1171"},{"taxonomy":"post_tag","embeddable":true,"href":"https:\/\/kantilive.ch\/index.php\/wp-json\/wp\/v2\/tags?post=1171"}],"curies":[{"name":"wp","href":"https:\/\/api.w.org\/{rel}","templated":true}]}}