{"id":1430,"date":"2020-03-25T18:00:52","date_gmt":"2020-03-25T17:00:52","guid":{"rendered":"http:\/\/kantilive.ch\/?p=1430"},"modified":"2020-03-25T10:25:23","modified_gmt":"2020-03-25T09:25:23","slug":"fernunterricht-in-der-fachgruppe-deutsch","status":"publish","type":"post","link":"https:\/\/kantilive.ch\/index.php\/2020\/03\/25\/fernunterricht-in-der-fachgruppe-deutsch\/","title":{"rendered":"Fernunterricht in der Fachgruppe Deutsch"},"content":{"rendered":"<p>Fachgruppenvorsitzender der Fachgruppe Deutsch ist Peter Ruhstaller. Er hat sich unseren Fragen gestellt.<\/p>\n<p><!--more--><\/p>\n<p><strong style=\"font-size: 1rem;\">Haben Sie eine allgemeine Herangehensweise fu\u0308r Ihre Fachgruppe vorgeschrieben? Wenn ja, welche wa\u0308re das? (Direkter Austausch, Arbeitsauftra\u0308ge etc.)<\/strong><\/p>\n<div class=\"page\" title=\"Page 1\">\n<div class=\"layoutArea\">\n<div class=\"column\">\n<p>Wir sind frei, wie wir den Fernunterricht gestalten.<\/p>\n<div class=\"page\" title=\"Page 1\">\n<div class=\"layoutArea\">\n<div class=\"column\">\n<p><strong>Glauben Sie, dass in diesen zwei Wochen bis zu den Fru\u0308hlingsferien die Schu\u0308lerinnen und Schu\u0308ler produktiv arbeiten und davon profitieren ko\u0308nnen?<\/strong><br \/>\nBis zu den Fru\u0308hlingsferien du\u0308rften Unterrichtsthemen des zu Ende gehenden Quartals vertieft und abgeschlossen werden. Das sollte gut mo\u0308glich sein mit Fernunterricht.<\/p>\n<div class=\"page\" title=\"Page 1\">\n<div class=\"layoutArea\">\n<div class=\"column\">\n<p><strong>Worin sehen Sie perso\u0308nlich Chancen im Fernunterricht?<\/strong><\/p>\n<p>Der Fernunterricht verlangt von den Schu\u0308lerinnen und Schu\u0308lern viel Selbsta\u0308ndigkeit und Eigenverantwortung. Die Fa\u0308higkeit, sich zu motivieren, die Arbeit einzuteilen, u\u0308ber la\u0308ngere Zeit ein Ziel zu verfolgen, kann man entwickeln, und man braucht sie im Leben oft. Der Fernunterricht zeigt, wie scho\u0308n es ist, zusammen mit einer Klasse und Lehrkra\u0308ften zu lernen. Ich sage das ganz ehrlich: Ich bin gerne Lehrer und vermisse den Unterricht mit den Klassen. Ich wa\u0308re nicht erstaunt, wenn auch viele Schu\u0308lerinnen und Schu\u0308ler gerne den Unterricht besuchen wu\u0308rden.<\/p>\n<p><strong><span style=\"font-size: 1rem;\">Worin bestehen die gro\u0308ssten Risiken?<\/span><\/strong><\/p>\n<div class=\"page\" title=\"Page 1\">\n<div class=\"layoutArea\">\n<div class=\"column\">\n<p>Der Fernunterricht vertieft den Unterschied zwischen den Schu\u0308lerinnen und Schu\u0308lern, die selbsta\u0308ndig und eigenverantwortlich arbeiten ko\u0308nnen, und denjenigen, die das nicht schaffen.<\/p>\n<div class=\"page\" title=\"Page 1\">\n<div class=\"layoutArea\">\n<div class=\"column\">\n<p><strong>Was empfehlen Sie, damit die Zeit Zuhause ertra\u0308glicher wird?<\/strong><\/p>\n<p>Ich kann nur von mir reden: Manche Aufgaben und Ablenkungen fallen durch den Lockdown weg. Jetzt habe ich die Geduld, ein dickes Buch zu lesen, bei Musik genau hinzuho\u0308ren, Tagebuch zu schreiben &#8230;<\/p>\n<p>Wie spannend ist es jetzt, die Welt zu beobachten: Worin unterscheiden sich verschiedene Medien, z. B. Zeitungen, in ihrer Berichterstattung u\u0308ber die Corona-Krise? Wie gehen Staaten und Bevo\u0308lkerungen mit der Herausforderung um? Wer meistert sie besser bzw. schlechter, und warum? Wie wirkt sich die Krise auf die Wirtschaft aus? Wie gehen die Individuen mit den Schwierigkeiten um? Wie wird das Corona-Virus die Welt vera\u0308ndern?<\/p>\n<\/div>\n<\/div>\n<\/div>\n<\/div>\n<\/div>\n<\/div>\n<\/div>\n<\/div>\n<\/div>\n<\/div>\n<\/div>\n<\/div>\n<\/div>\n<\/div>\n<\/div>\n","protected":false},"excerpt":{"rendered":"<p>Fachgruppenvorsitzender der Fachgruppe Deutsch ist Peter Ruhstaller. Er hat sich unseren Fragen gestellt.<\/p>\n","protected":false},"author":8,"featured_media":0,"comment_status":"closed","ping_status":"closed","sticky":false,"template":"","format":"standard","meta":{"spay_email":"","jetpack_publicize_message":"","jetpack_is_tweetstorm":false},"categories":[175],"tags":[],"jetpack_featured_media_url":"","jetpack_publicize_connections":[],"jetpack_sharing_enabled":true,"jetpack_shortlink":"https:\/\/wp.me\/pav19Q-n4","jetpack-related-posts":[{"id":1508,"url":"https:\/\/kantilive.ch\/index.php\/2020\/04\/01\/fernunterricht-in-der-fachgruppe-englisch\/","url_meta":{"origin":1430,"position":0},"title":"Fernunterricht in der Fachgruppe Englisch","date":"1. April 2020","format":false,"excerpt":"Fachgruppenvorsitzende der Fachgruppe Englisch ist Marianne Roth. Sie hat sich unseren Fragen gestellt. Haben Sie eine allgemeine Herangehensweise f\u00fcr Ihre Fachgruppe vorgeschrieben? Wenn ja, welche w\u00e4re das? (Direkter Austausch, Arbeitsauftr\u00e4ge etc.)\u00a0 Nein, wir haben ein Teams f\u00fcr die Fachgruppe aufgesetzt, um uns auszutauschen. Dieser Kanal wird immer h\u00e4ufiger genutzt. Zudem\u2026","rel":"","context":"In &quot;Corona&quot;","img":{"alt_text":"","src":"","width":0,"height":0},"classes":[]},{"id":1428,"url":"https:\/\/kantilive.ch\/index.php\/2020\/03\/23\/fernunterricht-in-der-fachgruppe-italienisch\/","url_meta":{"origin":1430,"position":1},"title":"Fernunterricht in der Fachgruppe Italienisch","date":"23. M\u00e4rz 2020","format":false,"excerpt":"Fachgruppenvorsitzende der Fachgruppe Italienisch ist Frau Eleonora Rothenberger. Sie hat sich unseren Fragen gestellt. Haben Sie eine allgemeine Herangehensweise f\u00fcr Ihre Fachgruppe vorgeschrieben? Wenn ja, welche w\u00e4re das? (Direkter Austausch, Arbeitsauftr\u00e4ge etc.) Nein, noch nicht! Glauben Sie, dass in diesen zwei Wochen bis zu den Fr\u00fchlingsferien die Sch\u00fclerinnen und Sch\u00fcler\u2026","rel":"","context":"In &quot;Corona&quot;","img":{"alt_text":"","src":"","width":0,"height":0},"classes":[]},{"id":1481,"url":"https:\/\/kantilive.ch\/index.php\/2020\/03\/27\/fernunterricht-in-der-fachgruppe-physik\/","url_meta":{"origin":1430,"position":2},"title":"Fernunterricht in der Fachgruppe Physik","date":"27. M\u00e4rz 2020","format":false,"excerpt":"Fachgruppenvorsitzender der Fachgruppe Physik ist Daniel M\u00fcggler. Er hat sich unseren Fragen gestellt. Haben Sie eine allgemeine Herangehensweise f\u00fcr Ihre Fachgruppe vorgeschrieben? Wenn ja, welche w\u00e4re das? (Direkter Austausch, Arbeitsauftr\u00e4ge etc.) Es besteht keine Vorschrift innerhalb der Fachgruppe; eine solche w\u00fcrde wohl auch der gesetzlich gegebenen Methodenfreiheit widersprechen. Um unsere\u2026","rel":"","context":"In &quot;Allgemein&quot;","img":{"alt_text":"","src":"","width":0,"height":0},"classes":[]},{"id":1518,"url":"https:\/\/kantilive.ch\/index.php\/2020\/04\/02\/fernunterricht-in-der-fachgruppe-latein\/","url_meta":{"origin":1430,"position":3},"title":"Fernunterricht in der Fachgruppe Latein","date":"2. April 2020","format":false,"excerpt":"Fachgruppenvorsitzender der Fachgruppe Latein ist Patrick Kuntschnik. Er hat sich unseren Fragen gestellt. Haben Sie eine allgemeine Herangehensweise f\u00fcr Ihre Fachgruppe vorgeschrieben? Wenn ja, welche w\u00e4re das? (Direkter Austausch, Arbeitsauftr\u00e4ge etc.) Wir haben keine Vorschriften per se, doch hat sich Teams zu einem gewissen Standard entwickelt. Zur Zeit arbeiten wir\u2026","rel":"","context":"In &quot;Corona&quot;","img":{"alt_text":"","src":"","width":0,"height":0},"classes":[]},{"id":1528,"url":"https:\/\/kantilive.ch\/index.php\/2020\/03\/03\/fernunterricht-in-der-fachgruppe-psychologie\/","url_meta":{"origin":1430,"position":4},"title":"Fernunterricht in der Fachgruppe Psychologie","date":"3. M\u00e4rz 2020","format":false,"excerpt":"Fachgruppenvorsitzender der Fachgruppe Psychologie\/P\u00e4dagogik ist Domenico Pulli. Er hat sich unseren Fragen gestellt. Zudem bildet er damit den Abschluss unserer Fernunterrichtsreihe. Haben Sie eine allgemeine Herangehensweise f\u00fcr Ihre Fachgruppe vorgeschrieben? Wenn ja, welche w\u00e4re das? (Direkter Austausch, Arbeitsauftr\u00e4ge etc.) Wir haben keine allgemeine Herangehensweise vorgeschrieben, stehen aber immer \u00fcber TEAMS\u2026","rel":"","context":"In &quot;Corona&quot;","img":{"alt_text":"","src":"","width":0,"height":0},"classes":[]},{"id":1496,"url":"https:\/\/kantilive.ch\/index.php\/2020\/03\/31\/ferunterricht-in-der-fachgruppe-biologie\/","url_meta":{"origin":1430,"position":5},"title":"Ferunterricht in der Fachgruppe Biologie","date":"31. M\u00e4rz 2020","format":false,"excerpt":"Fachgruppenvorsitzende der Fachgruppe Biologie ist Beatrice Egger. Sie hat sich unseren Fragen gestellt. Haben Sie eine allgemeine Herangehensweise f\u00fcr Ihre Fachgruppe vorgeschrieben? Wenn ja, welche w\u00e4re das? (Direkter Austausch, Arbeitsauftr\u00e4ge etc.) Nein, das haben wir nicht. Jede Lehrperson h\u00e4lt ihren Unterricht so, wie es f\u00fcr sie stimmt. Wir tauschen uns\u2026","rel":"","context":"In &quot;Corona&quot;","img":{"alt_text":"","src":"","width":0,"height":0},"classes":[]}],"_links":{"self":[{"href":"https:\/\/kantilive.ch\/index.php\/wp-json\/wp\/v2\/posts\/1430"}],"collection":[{"href":"https:\/\/kantilive.ch\/index.php\/wp-json\/wp\/v2\/posts"}],"about":[{"href":"https:\/\/kantilive.ch\/index.php\/wp-json\/wp\/v2\/types\/post"}],"author":[{"embeddable":true,"href":"https:\/\/kantilive.ch\/index.php\/wp-json\/wp\/v2\/users\/8"}],"replies":[{"embeddable":true,"href":"https:\/\/kantilive.ch\/index.php\/wp-json\/wp\/v2\/comments?post=1430"}],"version-history":[{"count":2,"href":"https:\/\/kantilive.ch\/index.php\/wp-json\/wp\/v2\/posts\/1430\/revisions"}],"predecessor-version":[{"id":1473,"href":"https:\/\/kantilive.ch\/index.php\/wp-json\/wp\/v2\/posts\/1430\/revisions\/1473"}],"wp:attachment":[{"href":"https:\/\/kantilive.ch\/index.php\/wp-json\/wp\/v2\/media?parent=1430"}],"wp:term":[{"taxonomy":"category","embeddable":true,"href":"https:\/\/kantilive.ch\/index.php\/wp-json\/wp\/v2\/categories?post=1430"},{"taxonomy":"post_tag","embeddable":true,"href":"https:\/\/kantilive.ch\/index.php\/wp-json\/wp\/v2\/tags?post=1430"}],"curies":[{"name":"wp","href":"https:\/\/api.w.org\/{rel}","templated":true}]}}