{"id":2038,"date":"2020-08-13T15:16:40","date_gmt":"2020-08-13T13:16:40","guid":{"rendered":"http:\/\/kantilive.ch\/?p=2038"},"modified":"2020-08-13T18:06:42","modified_gmt":"2020-08-13T16:06:42","slug":"were-back-naechste-sitzung","status":"publish","type":"post","link":"https:\/\/kantilive.ch\/index.php\/2020\/08\/13\/were-back-naechste-sitzung\/","title":{"rendered":"We&#8217;re Back: N\u00e4chste Sitzung!"},"content":{"rendered":"<p>Wann: Freitag, 21. August, 6.Lektion<br \/>\nWo: C50<\/p>\n<p>Komm doch mal vorbei!<\/p>\n<p>Wir freuen uns,<br \/>\nkantilive<\/p>\n<p>&nbsp;<\/p>\n<p>&nbsp;<\/p>\n","protected":false},"excerpt":{"rendered":"<p>Wann: Freitag, 21. August, 6.Lektion Wo: C50 Komm doch mal vorbei! Wir freuen uns, kantilive &nbsp; &nbsp;<\/p>\n","protected":false},"author":30,"featured_media":71,"comment_status":"closed","ping_status":"closed","sticky":false,"template":"","format":"standard","meta":{"spay_email":"","jetpack_publicize_message":"","jetpack_is_tweetstorm":false},"categories":[5],"tags":[],"jetpack_featured_media_url":"https:\/\/kantilive.ch\/wp-content\/uploads\/2018\/12\/kantilive.min_.svg","jetpack_publicize_connections":[],"jetpack_sharing_enabled":true,"jetpack_shortlink":"https:\/\/wp.me\/pav19Q-wS","jetpack-related-posts":[{"id":3856,"url":"https:\/\/kantilive.ch\/index.php\/2022\/04\/06\/freifaecher-eine-geschichte-ueber-das-aufschieben-und-den-stress-mit-der-anmeldung\/","url_meta":{"origin":2038,"position":0},"title":"Freif\u00e4cher: Eine Geschichte \u00fcber das Aufschieben und den Stress mit der Anmeldung","date":"6. April 2022","format":false,"excerpt":"Jedes Jahr das selbe! Alle m\u00fcssen sich anmelden, doch keiner weiss, wie man es richtig macht! Eine\u00a0Kolumne dar\u00fcber, wie ein Sch\u00fcler versucht hat, dies zu meistern.\u00a0 \u00a0 11.01.2022 Heute kommt der Prorektor zu uns in die Klasse und erz\u00e4hlt, dass wir jetzt Freif\u00e4cher w\u00e4hlen k\u00f6nnen. Er erkl\u00e4rt uns, wie wir\u2026","rel":"","context":"In &quot;Allgemein&quot;","img":{"alt_text":"","src":"https:\/\/i1.wp.com\/kantilive.ch\/wp-content\/uploads\/2022\/04\/Schueler-lernen.jpg?fit=641%2C324&ssl=1&resize=350%2C200","width":350,"height":200},"classes":[]},{"id":4295,"url":"https:\/\/kantilive.ch\/index.php\/2023\/04\/25\/zum-ersten-mal-in-st-gallen-food-save-bankett\/","url_meta":{"origin":2038,"position":1},"title":"Zum ersten Mal in St. Gallen: Food-Save Bankett","date":"25. April 2023","format":false,"excerpt":"J\u00e4hrlich wird rund eine Tonne Lebensmittel in Schweizer Haushalten weggeworfen. Davon w\u00e4re fast die H\u00e4lfte vermeidbar. Die Maturand:innen des Erg\u00e4nzungsfachs \u201cNachhaltigkeit\/Geografie\u201d haben deshalb ein \u201cFood-Save Bankett\u201d organisiert, das am Samstagmittag 6. Mai 2023 von 11-14 Uhr beim Vadiandenkmal stattfinden wird.\u00a0 Das kostenlose Bankett wurde organisiert, um uns die Tragweite der\u2026","rel":"","context":"In &quot;Allgemein&quot;","img":{"alt_text":"","src":"https:\/\/i1.wp.com\/kantilive.ch\/wp-content\/uploads\/2023\/04\/MicrosoftTeams-image-5.png?fit=1200%2C534&ssl=1&resize=350%2C200","width":350,"height":200},"classes":[]},{"id":4266,"url":"https:\/\/kantilive.ch\/index.php\/2023\/01\/26\/candlelight-fruehstueck-oder-doch-nur-der-blackout-day\/","url_meta":{"origin":2038,"position":2},"title":"Candlelight Fr\u00fchst\u00fcck \u2013 oder doch nur der Blackout-Day","date":"26. Januar 2023","format":false,"excerpt":"Als am Mittwochmorgen der Tag ohne Strom begann, gab es einige, nicht nur positive Reaktionen der Sch\u00fcler. Um uns eine \u00dcbersicht zu machen, interviewten wir einige Sch\u00fcler zu ihren Erlebnissen am 25. Januar. Diese Aktion wurde von der Klimaschule organisiert und den Sch\u00fcler*innen wurde nicht gesagt, wann der Blackout-Day sein\u2026","rel":"","context":"In &quot;Allgemein&quot;","img":{"alt_text":"","src":"https:\/\/i1.wp.com\/kantilive.ch\/wp-content\/uploads\/2023\/01\/Bild1-1.jpg?fit=423%2C318&ssl=1&resize=350%2C200","width":350,"height":200},"classes":[]},{"id":1184,"url":"https:\/\/kantilive.ch\/index.php\/2019\/11\/22\/digital-humanities-studienwoche-schweizer-jugend-forscht\/","url_meta":{"origin":2038,"position":3},"title":"Digital Humanities \u2013 Studienwoche Schweizer Jugend forscht","date":"22. November 2019","format":false,"excerpt":"(Quelle: Viktor Varga) Eine Woche an einem Forschungsprojekt arbeiten, nebenbei den universit\u00e4ren Alltag kennenlernen, neue Kontakte kn\u00fcpfen und in die digitale Welt der Geisteswissenschaften eintauchen. Dies waren die Gr\u00fcnde f\u00fcr meine Anmeldung f\u00fcr die Studienwoche zum Thema Digital Humanities vom 10.-15. November 2019. Die Studienwoche beinhaltete sieben Projekte an vier\u2026","rel":"","context":"In &quot;Infos \/ Events&quot;","img":{"alt_text":"","src":"https:\/\/i2.wp.com\/kantilive.ch\/wp-content\/uploads\/2019\/11\/EJb7_FFWoAANoiI.jpg?fit=1200%2C675&ssl=1&resize=350%2C200","width":350,"height":200},"classes":[]},{"id":921,"url":"https:\/\/kantilive.ch\/index.php\/2019\/09\/05\/junge-kunst-14\/","url_meta":{"origin":2038,"position":4},"title":"Junge Kunst 14","date":"5. September 2019","format":false,"excerpt":"Quelle: Kim Helwich Junge Kunst 14 steht vor der T\u00fcr. Doch was und wer steckt hinter dem Event? Die Hauptorganisation des Events \u00fcbernimmt dabei Maximilian Pefestorff aus der Klasse 4aL. Aussteller ist mitunter auch der ehemalige Kantisch\u00fcler Luca Bosin. Wir haben beide zum Interview getroffen. Luca, was ist Junge Kunst\u2026","rel":"","context":"In &quot;Allgemein&quot;","img":{"alt_text":"","src":"https:\/\/i1.wp.com\/kantilive.ch\/wp-content\/uploads\/2019\/09\/JungeKunst14_Instagram.jpg?fit=1200%2C1200&ssl=1&resize=350%2C200","width":350,"height":200},"classes":[]},{"id":4964,"url":"https:\/\/kantilive.ch\/index.php\/2024\/04\/02\/schachturnier-oder-kaffeekraenzchen\/","url_meta":{"origin":2038,"position":5},"title":"Schachturnier oder Kaffeekr\u00e4nzchen?","date":"2. April 2024","format":false,"excerpt":"Mal ehrlich, wer von euch hat noch nicht w\u00e4hrend des Mathe-Unterrichts Online-Schach gespielt? Da so viele von uns sich tats\u00e4chlich dabei vergn\u00fcgen, und niemand in all diesen Jahren auf die Idee gekommen ist, ein Schachturnier durchzuf\u00fchren, ist es der SO zu verdanken, dass wir hier und jetzt von eben unserem\u2026","rel":"","context":"In &quot;Allgemein&quot;","img":{"alt_text":"","src":"https:\/\/i0.wp.com\/kantilive.ch\/wp-content\/uploads\/2024\/04\/schach.jpg?fit=899%2C1200&ssl=1&resize=350%2C200","width":350,"height":200},"classes":[]}],"_links":{"self":[{"href":"https:\/\/kantilive.ch\/index.php\/wp-json\/wp\/v2\/posts\/2038"}],"collection":[{"href":"https:\/\/kantilive.ch\/index.php\/wp-json\/wp\/v2\/posts"}],"about":[{"href":"https:\/\/kantilive.ch\/index.php\/wp-json\/wp\/v2\/types\/post"}],"author":[{"embeddable":true,"href":"https:\/\/kantilive.ch\/index.php\/wp-json\/wp\/v2\/users\/30"}],"replies":[{"embeddable":true,"href":"https:\/\/kantilive.ch\/index.php\/wp-json\/wp\/v2\/comments?post=2038"}],"version-history":[{"count":5,"href":"https:\/\/kantilive.ch\/index.php\/wp-json\/wp\/v2\/posts\/2038\/revisions"}],"predecessor-version":[{"id":2043,"href":"https:\/\/kantilive.ch\/index.php\/wp-json\/wp\/v2\/posts\/2038\/revisions\/2043"}],"wp:featuredmedia":[{"embeddable":true,"href":"https:\/\/kantilive.ch\/index.php\/wp-json\/wp\/v2\/media\/71"}],"wp:attachment":[{"href":"https:\/\/kantilive.ch\/index.php\/wp-json\/wp\/v2\/media?parent=2038"}],"wp:term":[{"taxonomy":"category","embeddable":true,"href":"https:\/\/kantilive.ch\/index.php\/wp-json\/wp\/v2\/categories?post=2038"},{"taxonomy":"post_tag","embeddable":true,"href":"https:\/\/kantilive.ch\/index.php\/wp-json\/wp\/v2\/tags?post=2038"}],"curies":[{"name":"wp","href":"https:\/\/api.w.org\/{rel}","templated":true}]}}