{"id":2045,"date":"2020-08-20T22:33:00","date_gmt":"2020-08-20T20:33:00","guid":{"rendered":"http:\/\/kantilive.ch\/?p=2045"},"modified":"2021-04-26T10:08:07","modified_gmt":"2021-04-26T08:08:07","slug":"maskenpflicht-an-der-ksbg","status":"publish","type":"post","link":"https:\/\/kantilive.ch\/index.php\/2020\/08\/20\/maskenpflicht-an-der-ksbg\/","title":{"rendered":"Maskenpflicht an der KSBG?"},"content":{"rendered":"<p>Die Maske ist inzwischen zu einem internationalen Symbol f\u00fcr die Coronapandemie geworden. Die einen schw\u00f6ren auf ihre Schutzwirkung, andere bestreiten diese und Brillentr\u00e4ger verabscheuen die Maske gar g\u00e4nzlich. Tatsache ist jedoch, dass das Tragen einer Mund-Nasen-Bedeckung in einigen Ecken der Welt l\u00e4ngst verordnet wurde. Das schweizerische Bundesamt f\u00fcr Gesundheit tat dies bisher nur im \u00f6ffentlichen Verkehr. Den Rest \u00fcberliess der Bund mit einer h\u00f6flichen Empfehlung den Kantonen. Anscheinend kann aber nicht jeder Kanton sinnvoll mit dieser Verantwortung umgehen.<\/p>\n<p>Rektor Marc K\u00f6nig hat zu Beginn des Schuljahres betont, wie ver\u00e4nderlich die Anweisungen bez\u00fcglich der Schutzmassnahmen seien: \u201cWas ich Ihnen hier erz\u00e4hle, gilt jetzt, heute.\u201c Doch seit Schulbeginn haben sich keinerlei Vorschriften ge\u00e4ndert, woraus sich ja eigentlich schliessen lassen kann, dass die jetzige Situation keine strengeren Massnahmen fordere.<\/p>\n<p>Die Realit\u00e4t sieht aber anders aus. Seit Ende Juni steigen die Fallzahlen. Gestern hat der Kanton St.Gallen schweizweit die zweith\u00f6chste Anzahl an Neuansteckungen verzeichnet. Die Situation ist also keineswegs unter Kontrolle. Schulen sind einer schnellen Verbreitung des Virus besonders hingestreckt, vor allem infolge der Schwierigkeiten beim Einhalten des 1,5m-Abstands. Deshalb haben zw\u00f6lf der 26 Kantone die Sch\u00fcler und Sch\u00fclerinnen an ihren Mittelschulen dazu verpflichtet, eine Maske zu tragen, da ebendieser Abstand oft nicht eingehalten werden kann.<\/p>\n<p>Mit mehr als 1300 Sch\u00fclerinnen und Sch\u00fclern und etwa 200 Lehrpersonen geh\u00f6rt die Kantonsschule am Burggraben zu den schweizweit gr\u00f6ssten Gymnasien. Der empfohlene Abstand kann auch hier nicht \u00fcberall eingehalten werden, weshalb blind auf die Effektivit\u00e4t des <em>Contact-Tracings <\/em>vertraut wird<em>. <\/em>Wie konsequent die Lehrerschaft die Klassenspiegel erstellt hat und ob sich die Sch\u00fcler an diese halten, ist abzuwarten. Sp\u00e4testens beim Sportunterricht und bei klassen\u00fcbergreifenden F\u00e4chern wird die R\u00fcckf\u00fchrung der Infektionskette zu einem Ding der Unm\u00f6glichkeit.<\/p>\n<p>Den Schulbetrieb auf eine sichere Weise zu gestalten und einen potenziellen Ausbruch einzud\u00e4mmen ist unbestreitbar eine Herkulesaufgabe. Die Einf\u00fchrung einer allgemeinen Maskenpflicht k\u00f6nnte dabei eine Hilfe sein. Sie kann aber auch daf\u00fcr sorgen, dass die Detonation dieser Zeitbombe wenigstens f\u00fcr so lange wie m\u00f6glich hinausgeschoben wird und der Pr\u00e4senzunterricht aufrechterhalten werden kann. Aus diesem Grund hat die Kantonsschule zu Beginn dieser Woche den Entscheid f\u00fcr eine Maskenpflicht in G\u00e4ngen und allen F\u00e4chern getroffen, welche stammklassen\u00fcbergreifend durchgef\u00fchrt werden. Ein sinnvoller Ansatz, um die Sch\u00fcler- und Lehrerschaft vor einem Ausbruch an der Kantonsschule zu sch\u00fctzen, und im Vergleich zu den zahlreichen anderen Kantonen, welche eine permanente Maskenpflicht vorschreiben, eine zwar milde, aber vertretbare Vorschrift.<\/p>\n<p>Nun ist allerdings durchgesickert, dass die Entscheidung der Schule angeblich von \u201cganz oben\u201c zur\u00fcckgewiesen wurde. W\u00e4hrend einigen 4. Kl\u00e4sslern im Erg\u00e4nzungsfach am Dienstag noch die letzte Lektion ohne Maske angek\u00fcndigt wurde, war dieser Entscheid am Mittwochmorgen vom Kanton bereits niedergeschlagen worden. Argumente f\u00fcr diese Ablehnung sind nur schwer vorstellbar. W\u00e4hrend die Berner Bildungsdirektion die Verschiedenheit der Gegebenheiten und n\u00f6tigen Massnahmen an Schulen anerkennt, wird im Kanton St.Gallen eine vern\u00fcnftige Massnahme ausser Kraft gesetzt. \u201c[Die Schulen] sind sehr unterschiedlich und sie sollen das entscheiden k\u00f6nnen, wie sie die Situation vor Ort einsch\u00e4tzen. Sie wissen, wie viele Sch\u00fclerinnen und Sch\u00fcler [sie haben], wie gross ihre R\u00e4ume sind [\u2026] und darum sind sie es, die entscheiden, wie es wirklich vor Ort l\u00e4uft,\u201c meint Christine H\u00e4sler, Bildungsdirektorin Bern. Die Rektoratskommission ist mit der Situation an der Kanti bestens vertraut und hat einen direkten Blick auf den Ernst der Lage. Es ist schlicht und einfach unsinnig, ja fast schon fahrl\u00e4ssig, ihr die Freiheit zu verwehren, eine ad\u00e4quate Entscheidung bez\u00fcglich der Einf\u00fchrung einer Maskenpflicht an der Kantonsschule am Burggraben zu treffen und den Schutz der eigenen Bev\u00f6lkerung abzulehnen. Vielleicht sind die \u201cganz oben\u201c ja Brillentr\u00e4ger und haben die Maske \u00fcber die Augen und Ohren gezogen.<\/p>\n<p>Es liegt nun an uns, ein verantwortungsvolles Verhalten aufzuzeigen und aus Solidarit\u00e4t zu unseren Mitmenschen die Maske nicht \u00fcber Augen und Ohren, sondern einfach \u00fcber Mund und Nase zu ziehen.<\/p>\n<p>&nbsp;<\/p>\n<p><em>Bild: Stepan Vedunov<br \/>\n<\/em><em>Ein Beitrag von Pascal Keel, Stepan Vedunov und Sebastian Truijens<\/em><\/p>\n","protected":false},"excerpt":{"rendered":"<p>Die Maske ist inzwischen zu einem internationalen Symbol f\u00fcr die Coronapandemie geworden. Die einen schw\u00f6ren auf ihre Schutzwirkung, andere bestreiten diese und Brillentr\u00e4ger verabscheuen die &hellip; <\/p>\n","protected":false},"author":30,"featured_media":2053,"comment_status":"closed","ping_status":"closed","sticky":false,"template":"","format":"standard","meta":{"spay_email":"","jetpack_publicize_message":"","jetpack_is_tweetstorm":false},"categories":[175,66],"tags":[],"jetpack_featured_media_url":"https:\/\/i2.wp.com\/kantilive.ch\/wp-content\/uploads\/2020\/08\/Unbenanntes_Projekt-2-scaled.jpg?fit=2560%2C1810&ssl=1","jetpack_publicize_connections":[],"jetpack_sharing_enabled":true,"jetpack_shortlink":"https:\/\/wp.me\/pav19Q-wZ","jetpack-related-posts":[{"id":2589,"url":"https:\/\/kantilive.ch\/index.php\/2021\/03\/03\/das-schutzkonzept-hat-sich-so-bewaehrt-drei-aerzte-des-kinderspitals-st-gallen-zur-aktuellen-corona-lage\/","url_meta":{"origin":2045,"position":0},"title":"\"Das Schutzkonzept hat sich so bew\u00e4hrt\": drei \u00c4rzte des Kinderspitals St.Gallen zur aktuellen Corona-Lage","date":"3. M\u00e4rz 2021","format":false,"excerpt":"Die Infektiologen Herr Prof. Dr. med. Lauener, Frau Dr. Niederer-Loher und Herr Dr. med. Kahlert haben zusammen unsere brennendsten Fragen zur aktuellen Situation im Spital und zu den Schutzmassnahmen beantwortet . Wie ist die aktuelle Situation im Kinderspital St. Gallen? Ist die Auslastung eher gr\u00f6sser, kleiner oder gleich als im\u2026","rel":"","context":"In &quot;Allgemein&quot;","img":{"alt_text":"","src":"https:\/\/i2.wp.com\/kantilive.ch\/wp-content\/uploads\/2021\/03\/ostschweizer-kispi.jpg?fit=500%2C500&ssl=1&resize=350%2C200","width":350,"height":200},"classes":[]},{"id":534,"url":"https:\/\/kantilive.ch\/index.php\/2019\/03\/29\/otherside-die-andere-seite-queers\/","url_meta":{"origin":2045,"position":1},"title":"Otherside \u2013 die andere Seite der Queers","date":"29. M\u00e4rz 2019","format":false,"excerpt":"(Bild: Instagram: otherside.lgbtq) In einem Umfeld voller Missverst\u00e4ndnisse, und wo ein Mangel an Klarheit herrscht, findet sich neu eine Gruppe, die der Offenheit eine Chance geben m\u00f6chte. Die flackernden Lichter der Bar La Buena Onda, laden die Passanten ein, herein zu kommen. Die blaugr\u00fcnen W\u00e4nde hinter dem Sofa, auf dem\u2026","rel":"","context":"In &quot;Infos \/ Events&quot;","img":{"alt_text":"","src":"https:\/\/i0.wp.com\/kantilive.ch\/wp-content\/uploads\/2019\/03\/otherside.png?fit=1179%2C1200&ssl=1&resize=350%2C200","width":350,"height":200},"classes":[]},{"id":846,"url":"https:\/\/kantilive.ch\/index.php\/2019\/07\/05\/mich-reizt-der-austausch-mit-einem-kunstwerk-das-viel-mehr-gesehen-hat-als-ich-2\/","url_meta":{"origin":2045,"position":2},"title":"\u201eMich reizt der Austausch mit einem Kunstwerk, das viel mehr gesehen hat als ich\u201c","date":"5. Juli 2019","format":false,"excerpt":"Patrick Kuntschnik, Latein- und Informatiklehrer an der KSBG, sagt, warum man sich auch heute noch mit der griechischen\u00a0Kultur auseinandersetzen sollte. Der Anblick einer alten Vase mag f\u00fcr die meisten nichts Besonderes sein. Bei Herrn Kuntschnik ist das anders. Alte Vasen wecken beim Latein- und Informatiklehrer Gef\u00fchle, Gedanken und Neugier. \u201eMich\u2026","rel":"","context":"In &quot;BU II&quot;","img":{"alt_text":"","src":"https:\/\/i2.wp.com\/kantilive.ch\/wp-content\/uploads\/2019\/07\/DEAA408D-1C23-473E-89FC-913ECEC826B2.png?fit=1200%2C800&ssl=1&resize=350%2C200","width":350,"height":200},"classes":[]},{"id":1441,"url":"https:\/\/kantilive.ch\/index.php\/2020\/03\/24\/chancen-der-coronakrise\/","url_meta":{"origin":2045,"position":3},"title":"Chancen der Coronakrise","date":"24. M\u00e4rz 2020","format":false,"excerpt":"(Quelle: NASA) Wer h\u00e4tte das vor zwei Wochen gedacht: Alle Schulen und fast alle L\u00e4den geschlossen, kaum Freizeitaktivit\u00e4ten sind noch m\u00f6glich. Nun lehnt man sich nicht mehr weit aus dem Fenster, wenn man infolge Covid-19 von einer Krise spricht. Die Leute werden gebeten, den ganzen Tag m\u00f6glichst zu Hause zu\u2026","rel":"","context":"In &quot;Allgemein&quot;","img":{"alt_text":"","src":"https:\/\/i1.wp.com\/kantilive.ch\/wp-content\/uploads\/2020\/03\/C1464D71-9ADB-4AB2-B06E-421D9259019C.jpeg?fit=1200%2C675&ssl=1&resize=350%2C200","width":350,"height":200},"classes":[]},{"id":2780,"url":"https:\/\/kantilive.ch\/index.php\/2021\/03\/31\/adieu-ihr-sprachaufenthalte\/","url_meta":{"origin":2045,"position":4},"title":"Adieu, ihr Sprachaufenthalte!","date":"31. M\u00e4rz 2021","format":false,"excerpt":"\u201eSprachkenntnisse \u00f6ffnen Welten\u201c\u00a0\u2013 so wirbt die KSBG in ihrem Flyer f\u00fcr Sprachaufenthalte, Austausch und Co. Was aber, wenn die Welt zumacht, ganze L\u00e4nder in den Lockdown gehen und man sich mit Desinfektionsmittel f\u00fcr\/gegen G\u00e4ste bewaffnet? Die Sprachaufenthalte: Damit lockt man die Sch\u00fcler*innen \u2013 oder droht ihnen \u2013 oft schon vor\u2026","rel":"","context":"In &quot;Corona&quot;","img":{"alt_text":"","src":"https:\/\/i0.wp.com\/kantilive.ch\/wp-content\/uploads\/2021\/03\/IMG_6434-scaled.jpeg?fit=1200%2C900&ssl=1&resize=350%2C200","width":350,"height":200},"classes":[]},{"id":1465,"url":"https:\/\/kantilive.ch\/index.php\/2020\/03\/25\/der-film-stundenplan\/","url_meta":{"origin":2045,"position":5},"title":"Der Film-Stundenplan","date":"25. M\u00e4rz 2020","format":false,"excerpt":"\u00a0 Bildquelle: IMDb Entweder als Erg\u00e4nzung zu Arbeitsauftr\u00e4gen oder als Ersatz f\u00fcr verpasste Lektionen: Hier findet ihr eine Liste mit Filmen f\u00fcr jedes eurer Schulf\u00e4cher. Unterhaltsam, lehrreich, lustig, ob Blockbuster, Drama oder Geheimtipp \u2013 f\u00fcr jeden Filmgeschmack h\u00e4lt meine Liste etwas bereit. Zu jedem Fach habe ich zwei Filme ausgesucht,\u2026","rel":"","context":"In &quot;Allgemein&quot;","img":{"alt_text":"","src":"https:\/\/i0.wp.com\/kantilive.ch\/wp-content\/uploads\/2020\/03\/8F83F0F8-782F-4030-8540-BB1A755FA9A7.jpeg?fit=1200%2C1200&ssl=1&resize=350%2C200","width":350,"height":200},"classes":[]}],"_links":{"self":[{"href":"https:\/\/kantilive.ch\/index.php\/wp-json\/wp\/v2\/posts\/2045"}],"collection":[{"href":"https:\/\/kantilive.ch\/index.php\/wp-json\/wp\/v2\/posts"}],"about":[{"href":"https:\/\/kantilive.ch\/index.php\/wp-json\/wp\/v2\/types\/post"}],"author":[{"embeddable":true,"href":"https:\/\/kantilive.ch\/index.php\/wp-json\/wp\/v2\/users\/30"}],"replies":[{"embeddable":true,"href":"https:\/\/kantilive.ch\/index.php\/wp-json\/wp\/v2\/comments?post=2045"}],"version-history":[{"count":5,"href":"https:\/\/kantilive.ch\/index.php\/wp-json\/wp\/v2\/posts\/2045\/revisions"}],"predecessor-version":[{"id":2091,"href":"https:\/\/kantilive.ch\/index.php\/wp-json\/wp\/v2\/posts\/2045\/revisions\/2091"}],"wp:featuredmedia":[{"embeddable":true,"href":"https:\/\/kantilive.ch\/index.php\/wp-json\/wp\/v2\/media\/2053"}],"wp:attachment":[{"href":"https:\/\/kantilive.ch\/index.php\/wp-json\/wp\/v2\/media?parent=2045"}],"wp:term":[{"taxonomy":"category","embeddable":true,"href":"https:\/\/kantilive.ch\/index.php\/wp-json\/wp\/v2\/categories?post=2045"},{"taxonomy":"post_tag","embeddable":true,"href":"https:\/\/kantilive.ch\/index.php\/wp-json\/wp\/v2\/tags?post=2045"}],"curies":[{"name":"wp","href":"https:\/\/api.w.org\/{rel}","templated":true}]}}