{"id":2229,"date":"2020-11-12T10:37:09","date_gmt":"2020-11-12T09:37:09","guid":{"rendered":"http:\/\/kantilive.ch\/?p=2229"},"modified":"2021-04-26T10:07:16","modified_gmt":"2021-04-26T08:07:16","slug":"sprayerei-schulleitung-sucht-dialog-mit-schuelerschaft","status":"publish","type":"post","link":"https:\/\/kantilive.ch\/index.php\/2020\/11\/12\/sprayerei-schulleitung-sucht-dialog-mit-schuelerschaft\/","title":{"rendered":"Sprayerei: Schulleitung sucht Dialog mit Sch\u00fclerschaft"},"content":{"rendered":"<p><strong>Rektor Marc K\u00f6nig best\u00e4tigt, dass Anzeige gegen Unbekannt eingereicht worden sei. Viel wichtiger ist der Schulleitung jedoch, mit den Sch\u00fcler*innen ins Gespr\u00e4ch zu kommen. Deshalb besuchen der Rektor und die Prorektor*innen zurzeit alle 61 Klassen der KSBG.<\/strong><\/p>\n<p>&nbsp;<\/p>\n<p>Am vergangenen Dienstagmorgen zierten zwei Sprayaufschriften die Nordfassade des Altbaugeb\u00e4udes mit der Message: \u201eClose the school &#8211; Save Lives\u201c (siehe Bild). Wie ein Lauffeuer verbreitete sich die Aktion unter der Sch\u00fclerschaft und die Schulleitung um Rektor Marc K\u00f6nig ver\u00f6ffentlichte bereits am Mittwochmorgen ihr erstes Statement dazu. \u201eDas ist fehlender Respekt der Schule gegen\u00fcber, und das ist fehlender Respekt denjenigen gegen\u00fcber, die das nachher putzen m\u00fcssen\u201c, erkl\u00e4rte Rektor K\u00f6nig im exklusiven Interview mit kanti live. \u201eWir gehen nicht von einer politischen Gruppierung, sondern vielmehr von Einzelpersonen aus, die sich einfach in der ganzen Situation nicht wohlf\u00fchlen, seien es Schulinterne oder Aussenstehende.\u201c Dazu sch\u00e4tze man den finanziellen Schaden, der durch die Straftat entstanden sei, auf mehrere tausend Franken.<\/p>\n<p>Heute best\u00e4tigte die Schulleitung auf Anfrage von kanti live nun, dass gegen die anonymen \u00dcbelt\u00e4ter strafrechtlich vorgegangen und Anzeige gegen Unbekannt eingereicht wird. Allerdings betonte Herr K\u00f6nig, sei dies eher formeller Natur. Es sei viel eher wichtig, das Gespr\u00e4ch mit den Sch\u00fcler*innen zu suchen und ihre Meinungen bez\u00fcglich der Aktion und der grunds\u00e4tzlichen Situation selbst zu h\u00f6ren. \u201eDaher haben Mitglieder des Rektorats in der vergangenen Woche begonnen, jede der 61 Klassen zu besuchen, um den Dialog zu suchen. Dabei sind wir auf Seite der Sch\u00fclerschaft auf viel Verst\u00e4ndnis gestossen\u201c, teilte er uns mit. Des Weiteren lobte er, dass an der Kanti schon seit jeher eine kommunikative Kultur herrsche. Dies heisse konkret, dass es eine Art gebe, miteinander \u00fcber solche Anliegen zu reden, wie es auch bei den<a href=\"https:\/\/kantilive.ch\/index.php\/2019\/09\/28\/bei-aller-sympathie\/\"> Klimastreiks des letzten Jahres<\/a> der Fall gewesen sei, als mittels produktiver<a href=\"https:\/\/kantilive.ch\/index.php\/2019\/04\/02\/klimaschutz-bedeutet-nicht-verzicht\/\"> Dialoge zwischen Aktivisten und Schulleitung<\/a> ein gemeinsamer Nenner gefunden wurde.<\/p>\n<p><img data-attachment-id=\"554\" data-permalink=\"https:\/\/kantilive.ch\/index.php\/2019\/04\/02\/klimaschutz-bedeutet-nicht-verzicht\/kkok\/\" data-orig-file=\"https:\/\/i1.wp.com\/kantilive.ch\/wp-content\/uploads\/2019\/04\/KKOK.jpg?fit=6000%2C4000&amp;ssl=1\" data-orig-size=\"6000,4000\" data-comments-opened=\"0\" data-image-meta=\"{&quot;aperture&quot;:&quot;2.8&quot;,&quot;credit&quot;:&quot;&quot;,&quot;camera&quot;:&quot;Canon EOS 80D&quot;,&quot;caption&quot;:&quot;&quot;,&quot;created_timestamp&quot;:&quot;1553609590&quot;,&quot;copyright&quot;:&quot;&quot;,&quot;focal_length&quot;:&quot;17&quot;,&quot;iso&quot;:&quot;800&quot;,&quot;shutter_speed&quot;:&quot;0.00125&quot;,&quot;title&quot;:&quot;&quot;,&quot;orientation&quot;:&quot;0&quot;}\" data-image-title=\"KKOK\" data-image-description=\"\" data-medium-file=\"https:\/\/i1.wp.com\/kantilive.ch\/wp-content\/uploads\/2019\/04\/KKOK.jpg?fit=300%2C200&amp;ssl=1\" data-large-file=\"https:\/\/i1.wp.com\/kantilive.ch\/wp-content\/uploads\/2019\/04\/KKOK.jpg?fit=760%2C507&amp;ssl=1\" decoding=\"async\" loading=\"lazy\" class=\"alignnone size-full wp-image-554\" src=\"https:\/\/i1.wp.com\/kantilive.ch\/wp-content\/uploads\/2019\/04\/KKOK.jpg?resize=760%2C507\" alt=\"\" width=\"760\" height=\"507\" srcset=\"https:\/\/i1.wp.com\/kantilive.ch\/wp-content\/uploads\/2019\/04\/KKOK.jpg?w=6000&amp;ssl=1 6000w, https:\/\/i1.wp.com\/kantilive.ch\/wp-content\/uploads\/2019\/04\/KKOK.jpg?resize=300%2C200&amp;ssl=1 300w, https:\/\/i1.wp.com\/kantilive.ch\/wp-content\/uploads\/2019\/04\/KKOK.jpg?resize=768%2C512&amp;ssl=1 768w, https:\/\/i1.wp.com\/kantilive.ch\/wp-content\/uploads\/2019\/04\/KKOK.jpg?resize=1024%2C683&amp;ssl=1 1024w, https:\/\/i1.wp.com\/kantilive.ch\/wp-content\/uploads\/2019\/04\/KKOK.jpg?w=1520 1520w, https:\/\/i1.wp.com\/kantilive.ch\/wp-content\/uploads\/2019\/04\/KKOK.jpg?w=2280 2280w\" sizes=\"(max-width: 760px) 100vw, 760px\" data-recalc-dims=\"1\" \/><\/p>\n<p>Es ist also klar zu erkennen, dass grosses Verst\u00e4ndnis auf Seiten der Schulleitung f\u00fcr Sch\u00fcler*innen und umgekehrt vorliegt. Im Interview von vergangener Woche betonte Herr K\u00f6nig die Bedeutung des Erreichens der gesellschaftlichen Reife als Teil der Bildung, und auch wenn sich \u00fcber den Inhalt der Aufschrift selbst streiten l\u00e4sst, hat die Sch\u00fclerschaft genau diese Reife durch die r\u00fccksichtsvolle Kultur, die an unserer Kanti gelebt wird, in den vergangenen Tagen eindeutig unter Beweis gestellt.<\/p>\n<p>&nbsp;<\/p>\n<p><em>Ein Beitrag von Pascal Keel, Sebastian Truijens und Stepan Vedunov<br \/>\nBild: Leon Olbrecht<\/em><\/p>\n<p>&nbsp;<\/p>\n","protected":false},"excerpt":{"rendered":"<p>Rektor Marc K\u00f6nig best\u00e4tigt, dass Anzeige gegen Unbekannt eingereicht worden sei. Viel wichtiger ist der Schulleitung jedoch, mit den Sch\u00fcler*innen ins Gespr\u00e4ch zu kommen. Deshalb &hellip; <\/p>\n","protected":false},"author":30,"featured_media":2236,"comment_status":"closed","ping_status":"closed","sticky":false,"template":"","format":"standard","meta":{"spay_email":"","jetpack_publicize_message":"","jetpack_is_tweetstorm":false},"categories":[1],"tags":[],"jetpack_featured_media_url":"https:\/\/i2.wp.com\/kantilive.ch\/wp-content\/uploads\/2020\/11\/8E023989-ABC6-4EF8-8FBC-C3EF3D4C3521-scaled.jpeg?fit=2560%2C1919&ssl=1","jetpack_publicize_connections":[],"jetpack_sharing_enabled":true,"jetpack_shortlink":"https:\/\/wp.me\/pav19Q-zX","jetpack-related-posts":[{"id":1347,"url":"https:\/\/kantilive.ch\/index.php\/2020\/03\/02\/wir-alle-sind-darauf-angewiesen-dass-die-hygienemassnahmen-wirklich-beachtet-werden\/","url_meta":{"origin":2229,"position":0},"title":"\u00abWir alle sind darauf angewiesen, dass die Hygienemassnahmen wirklich beachtet werden\u00bb","date":"2. M\u00e4rz 2020","format":false,"excerpt":"(Bild: https:\/\/www.flickr.com\/photos\/niaid\/49557550751\/) Das Coronavirus hat nun auch die Schweiz erreicht und es handelt sich um eine Frage der Zeit bis der erste Fall in der Ostschweiz best\u00e4tigt wird. Die Pandemiefrage erhitzt die einen, andere bel\u00e4cheln diese Form der Hysterie. Aber wie geht eine Schulleitung verantwortungsbewusst mit dieser aktuellen uns so\u2026","rel":"","context":"In &quot;Infos \/ Events&quot;","img":{"alt_text":"","src":"https:\/\/i2.wp.com\/kantilive.ch\/wp-content\/uploads\/2020\/03\/Coronavirus.jpg?fit=1023%2C830&ssl=1&resize=350%2C200","width":350,"height":200},"classes":[]},{"id":546,"url":"https:\/\/kantilive.ch\/index.php\/2019\/04\/02\/klimaschutz-bedeutet-nicht-verzicht\/","url_meta":{"origin":2229,"position":1},"title":"\u00abKlimaschutz bedeutet nicht Verzicht\u00bb","date":"2. April 2019","format":false,"excerpt":"(Bild: Leon Olbrecht) Seit drei Monaten k\u00e4mpfen Sch\u00fclerinnen und Sch\u00fcler der Kantonsschule am Burggraben (KSBG) f\u00fcrs Klima. Sie haben gestreikt, sie haben demonstriert \u2013 und sie haben Forderungen. Im Gespr\u00e4ch mit den jungen Aktivistinnen und Aktivisten zeigt sich Rektor Marc K\u00f6nig durchaus stolz, dass sich Kanti-Sch\u00fclerinnen und Sch\u00fcler f\u00fcr den\u2026","rel":"","context":"In &quot;Infos \/ Events&quot;","img":{"alt_text":"","src":"https:\/\/i1.wp.com\/kantilive.ch\/wp-content\/uploads\/2019\/04\/KKOK.jpg?fit=1200%2C800&ssl=1&resize=350%2C200","width":350,"height":200},"classes":[]},{"id":1075,"url":"https:\/\/kantilive.ch\/index.php\/2019\/09\/28\/bei-aller-sympathie\/","url_meta":{"origin":2229,"position":2},"title":"Bei aller Sympathie","date":"28. September 2019","format":false,"excerpt":"Quelle: Alexander Eugster Gerade noch zierte ein Bauger\u00fcst die Fassade der Kantonsschule am Burggraben. Am Freitag, 28. September, pr\u00e4sentierte sich dieselbe mit Statements, die \u2013 wohl in n\u00e4chtlicher Aktion \u2013 mit Kreide auf den Sandstein geschrieben worden waren. Rektor Marc K\u00f6nig erz\u00e4hlt, was ihm im Moment, als er am Freitagmorgen\u2026","rel":"","context":"In &quot;Allgemein&quot;","img":{"alt_text":"","src":"https:\/\/i1.wp.com\/kantilive.ch\/wp-content\/uploads\/2019\/09\/0EC20777-9F2D-4A40-8FA8-9BBA6EB9C132.jpeg?fit=1200%2C900&ssl=1&resize=350%2C200","width":350,"height":200},"classes":[]},{"id":873,"url":"https:\/\/kantilive.ch\/index.php\/2019\/08\/20\/wer-moechte-schon-dass-der-rektor-von-ihm-sagt-er-sei-frueher-auch-so-gewesen\/","url_meta":{"origin":2229,"position":3},"title":",,Wer m\u00f6chte schon, dass der Rektor von ihm sagt, er sei fr\u00fcher auch so gewesen.\u2018\u2018","date":"20. August 2019","format":false,"excerpt":"Auch unser Rektor Marc K\u00f6nig ging mal als Sch\u00fcler in die KSBG. Doch was hat sich an unserer \"guten Schule\" ver\u00e4ndert und wie war \"die zuk\u00fcnftige Elite der Schweiz\" zu seinen Zeiten? Wie hat sich die KSBG ge\u00e4ndert\u00a0seit ihrer R\u00fcckkehr als Rektor? Die Kanti am Burggraben ist seit den 1970er-Jahren\u2026","rel":"","context":"In &quot;Personen&quot;","img":{"alt_text":"","src":"https:\/\/i1.wp.com\/kantilive.ch\/wp-content\/uploads\/2019\/08\/0456CA5D-B8A1-449D-B30B-B2BBF791FF4C.jpeg?resize=350%2C200","width":350,"height":200},"classes":[]},{"id":1096,"url":"https:\/\/kantilive.ch\/index.php\/2019\/10\/29\/die-ksbg-geht-nach-sion\/","url_meta":{"origin":2229,"position":4},"title":"Die KSBG geht nach Sion","date":"29. Oktober 2019","format":false,"excerpt":"Wie schon alle mitbekommen haben, geht die ganze Schule im n\u00e4chsten Semester im Mai nach Sion. Wir wollten Genaueres \u00fcber die Schulreise wissen und haben unseren Rektor Marc K\u00f6nig ausgefragt. Da die Meinung der Sch\u00fclerinnen und Sch\u00fcler an unserer Schule von grosser Bedeutung ist, ergriffen wir die M\u00f6glichkeit und stellten\u2026","rel":"","context":"In &quot;Allgemein&quot;","img":{"alt_text":"","src":"","width":0,"height":0},"classes":[]},{"id":2168,"url":"https:\/\/kantilive.ch\/index.php\/2020\/10\/29\/michael-luetolf-die-schule-muesste-einen-groesseren-schritt-richtung-interdisziplinaritaet-machen\/","url_meta":{"origin":2229,"position":5},"title":"Michael L\u00fctolf: \u201eDie Schule m\u00fcsste einen gr\u00f6sseren Schritt Richtung Interdisziplinarit\u00e4t machen\u201c","date":"29. Oktober 2020","format":false,"excerpt":"Big News! Endlich haben wir erfahren, wer ab August 2021 unser neuer Rektor sein wird: Michael L\u00fctolf, der bisherige Prorektor der mathematisch- naturwissenschaftlichen Abteilung. Als Nachfolger von Herrn K\u00f6nig, der nach 14-j\u00e4hriger Amtszeit nun seinen Posten abgibt und in den Ruhestand tritt, wird er sein Amt \u00fcbernehmen. Um unseren zuk\u00fcnftigen\u2026","rel":"","context":"In &quot;Personen&quot;","img":{"alt_text":"","src":"https:\/\/i0.wp.com\/kantilive.ch\/wp-content\/uploads\/2020\/10\/4A7C3C42-0FBD-41E9-BA16-54D5F425D36B.jpeg?fit=1140%2C390&ssl=1&resize=350%2C200","width":350,"height":200},"classes":[]}],"_links":{"self":[{"href":"https:\/\/kantilive.ch\/index.php\/wp-json\/wp\/v2\/posts\/2229"}],"collection":[{"href":"https:\/\/kantilive.ch\/index.php\/wp-json\/wp\/v2\/posts"}],"about":[{"href":"https:\/\/kantilive.ch\/index.php\/wp-json\/wp\/v2\/types\/post"}],"author":[{"embeddable":true,"href":"https:\/\/kantilive.ch\/index.php\/wp-json\/wp\/v2\/users\/30"}],"replies":[{"embeddable":true,"href":"https:\/\/kantilive.ch\/index.php\/wp-json\/wp\/v2\/comments?post=2229"}],"version-history":[{"count":4,"href":"https:\/\/kantilive.ch\/index.php\/wp-json\/wp\/v2\/posts\/2229\/revisions"}],"predecessor-version":[{"id":2237,"href":"https:\/\/kantilive.ch\/index.php\/wp-json\/wp\/v2\/posts\/2229\/revisions\/2237"}],"wp:featuredmedia":[{"embeddable":true,"href":"https:\/\/kantilive.ch\/index.php\/wp-json\/wp\/v2\/media\/2236"}],"wp:attachment":[{"href":"https:\/\/kantilive.ch\/index.php\/wp-json\/wp\/v2\/media?parent=2229"}],"wp:term":[{"taxonomy":"category","embeddable":true,"href":"https:\/\/kantilive.ch\/index.php\/wp-json\/wp\/v2\/categories?post=2229"},{"taxonomy":"post_tag","embeddable":true,"href":"https:\/\/kantilive.ch\/index.php\/wp-json\/wp\/v2\/tags?post=2229"}],"curies":[{"name":"wp","href":"https:\/\/api.w.org\/{rel}","templated":true}]}}