{"id":2526,"date":"2021-03-27T14:59:49","date_gmt":"2021-03-27T13:59:49","guid":{"rendered":"http:\/\/kantilive.ch\/?p=2526"},"modified":"2021-03-27T14:59:49","modified_gmt":"2021-03-27T13:59:49","slug":"gruesse-an-die-zukunft","status":"publish","type":"post","link":"https:\/\/kantilive.ch\/index.php\/2021\/03\/27\/gruesse-an-die-zukunft\/","title":{"rendered":"Gr\u00fcsse an die Zukunft!"},"content":{"rendered":"<p><strong>Jeder hat vermutlich schon einmal nach einem Schatz gesucht. Eine geheimnisvolle Kiste. Eine mysteri\u00f6se Aufschrift. Erst \u00f6ffnen im Jahre 2071! Nun ja, wenn Ihr eine solche Anweisung auf Eurer Truhe findet, handelt es sich wahrscheinlich eher um eine Zeitkapsel als einen Schatz.<\/strong><\/p>\n<p><strong>Was ist eine Zeitkapsel?<\/strong> Eine Zeitkapsel kann irgendein Gef\u00e4ss sein, das mit Dingen gef\u00fcllt ist, welche die Menschen als bezeichnend f\u00fcr ihre Zeit empfinden. Dieses Gef\u00e4ss wird dann so versteckt, dass es erst nach einer gewissen \u201eFrist\u201c gefunden werden kann, oder mit einem \u201eMindestverschlussdatum\u201c versehen. Wenn die Leute in der Zukunft (vom Augenblick des Schaffens einer solchen betrachtet) die Zeitkapsel finden, soll sie ihnen mit den enthaltenen Gegenst\u00e4nde ein Bild von dem vermitteln k\u00f6nnen, was fr\u00fcher bedeutend war.<\/p>\n<p>&nbsp;<\/p>\n<p>Habt Ihr gewusst, dass auch in der <strong>Stadt St.Gallen eine Zeitkapsel verborgen<\/strong> ist? Sie wurde am 21. Februar 2012 im Rahmen des 1400-Jahr-Jubil\u00e4ums der Ankunft von Gallus in unserer Region im Flussbett der Steinach neben dem M\u00fchleggb\u00e4hnli versenkt. Durch die nat\u00fcrliche Erosion soll sie im Jahr 3412 von ganz allein zum Vorschein kommen. Sie wurde von einer K\u00fcnstlerin gestaltet und enth\u00e4lt ein Bild vom heiligen Gallus und dem B\u00e4ren, kopiert aus einem Werk aus der Stiftsbibliothek.<\/p>\n<p><strong>Es gibt noch weitere interessante und auch bekannte Zeitkapseln:<\/strong><\/p>\n<p>In New York \u00f6ffnete man 2014 eine Kiste aus Bronze, die 100 Jahre zuvor von der <em>Lower Wall Street Business Men\u2018s Association<\/em> gepackt und an die New Yorker <em>Historical Society<\/em> \u00fcbergeben worden war. Die Kiste enthielt allerlei Dokumente, Briefe und Zeitungsausschnitte. Der Inhalt spiegelt wohl vor allem wider, was diesen Gentlemen am Herzen lag. Er gibt Aufschluss \u00fcber Wirtschaft, Handel, aber auch \u00fcber Stierk\u00e4mpfe und Baseballspiele.<br \/>\nDie Museumsgesellschaft verwarte die Kiste in einem Lagerhaus, wo sie \u00fcber die Jahre unter anderen Kartons und Ausstellungsst\u00fccken begraben wurde. Erst in den Neunzigern \u201egrub man sie aus\u201c, sodass sie statt sechzig Jahre (1914-1974) eben ein ganzes Jahrhundert auf ihre \u00d6ffnung warten musste. (Anl\u00e4sslich dieses Ereignisses wurde auch gleich eine neue Kapsel zusammengestellt. Diese best\u00fcckte man nicht nur mit Musicaltickets und Stadtplan, sondern auch mit Desinfektionsmittel\u2026)<\/p>\n<p>1938 wurde eine Zeitkapsel unter dem Pavillon der <em>Westinghouse Electric Company<\/em>, der f\u00fcr die New Yorker Weltausstellung im Folgejahr im Bau war, platziert. Diese Kapsel bestand aus einem speziellen Metall, das stahlhart sein soll, und enthielt auch die Formel zu dessen Herstellung.<\/p>\n<p>Im amerikanischen Bundesstaat Georgia befindet sich auf dem Gel\u00e4nde der Oglethorpe Universit\u00e4t eine Zeitkapsel der gr\u00f6sseren Dimension. Ein ganzer Raum \u2013 mit dem feierlichen Namen \u201eCrypt of Civilization\u201c \u2013 birgt Sch\u00e4tze der Zivilisation von 1940. Unter anderem Pfl\u00fcge, Schreibmaschinen und Motoren, aber auch Kleider (auf spezielle Weise konserviert) und das Drehbuch zu \u201e<em>Im Winde verweht\u201c\u00a0<\/em>warten dort darauf, die Menschen\/Erdbewohner\/Einh\u00f6rner im Jahr 8113 in Staunen zu versetzen.<\/p>\n<p>&nbsp;<\/p>\n<p>Man braucht aber nicht gleich einen ganzen Ausstellungsraum zu gestalten. <strong>Jeder kann eine Zeitkapsel bef\u00fcllen und der Nachwelt hinterlassen!<\/strong><\/p>\n<p>Dabei lohnt es sich zu \u00fcberlegen von wem die Kapsel gefunden und ge\u00f6ffnet werden soll. Blechdosen zerfallen nicht so schnell und k\u00f6nnen vergraben werden. Soll man die Kapsel vergessen und nur durch Zufall wieder auf sie stossen? Soll sie etwas Wichtiges f\u00fcr die Allgemeinheit oder etwas Pers\u00f6nliches f\u00fcr mein sp\u00e4teres Ich enthalten?<\/p>\n<p><strong>Ideen f\u00fcr eine eure Zeitkapsel:<\/strong><\/p>\n<ul>\n<li>Zu besonderen Anl\u00e4ssen erinnert man sich oft zur\u00fcck, da geht eine Zeitkapsel nicht so leicht vergessen.<\/li>\n<li>Ein P\u00e4ckchen bef\u00fcllen, das man mit seinen Freunden austauscht. Diese bewahren sie auf bis zur Matura, zum n\u00e4chsten Geburtstag oder bis zum n\u00e4chsten Schuljahr.<\/li>\n<li>Eine Zeitkapsel auf dem Dachboden oder im Keller hinter irgendeinen Karton stellen, sodass sie erst wieder zum Vorschein kommt, wenn man um- oder auszieht.<\/li>\n<li>Besonders gut kann man eine Zeitkapsel auch bei der Weihnachtsdeko verstecken. Dann findet man sie im n\u00e4chsten Dezember wieder und kann sie an Silvester \u00f6ffnen. Viele fassen n\u00e4mlich einige gute Vors\u00e4tze f\u00fcr das Neue Jahr, aber wir entwickeln uns oft in eine andere Richtung. Deshalb kann einem eine Zeitkapsel einen guten Ausblick auf sein ein Jahr j\u00fcngeres Ich bieten.<\/li>\n<li>Auch ein Brief kann wie eine Zeitkapsel funktionieren. Man steckt ihn in ein Buch, das man einfach wieder ins Regal stellt, legt ihn unten in den Schrank oder gibt ihn einem lieben Menschen, ihn darum bittend den Brief zu einem sch\u00f6nen Zeitpunkt wieder zur\u00fcckzugeben. Ein m\u00f6glicher Inhalt des Briefes: Motivation f\u00fcr sich selbst; die Schilderung eines aussergew\u00f6hnlichen Ereignisses, wie ein Tagebucheintrag; eine Liste mit Geliebtem und Verhasstem; einige Fotos.<\/li>\n<li>Es lassen sich auch digitale Zeitkapseln bef\u00fcllen. Z.B. eine E-Mail mit Zeitschalter, eine Erinnerung im Handykalender oder in einer Dropbox.<\/li>\n<\/ul>\n<p>Gerade in einer Zeit von aussergew\u00f6hnlichen Zust\u00e4nden, kann es gut tun, sich mit dem zu befassen, was uns und unsere Generation ausmacht \u2013 denn es gibt ja so viel mehr als Corona. Ausserdem wollen wir lieber Erfreulicheres in Erinnerung behalten, da kann eine Zeitkapsel auch ihren Beitrag leisten. Was sollen wir in unsere Geschichte schreiben?<\/p>\n<p>&nbsp;<\/p>\n<p>Quellen:<br \/>\nDropbox.com (\u2014), Was kommt in eine digitale Zeitkapsel, 29.1.2021<\/p>\n<p><a href=\"https:\/\/www.dropbox.com\/de\/business\/resources\/time-capsule\">https:\/\/www.dropbox.com\/de\/business\/resources\/time-capsule<\/a><\/p>\n<p>nzz.ch (10.10.2014), 100 Jahre alte Zeitkapsel ge\u00f6ffnet, 29.1.2021<\/p>\n<p><a href=\"https:\/\/www.nzz.ch\/panorama\/alltagsgeschichten\/100-jahre-alte-zeitkapsel-geoeffnet-1.18401132?reduced=true\">https:\/\/www.nzz.ch\/panorama\/alltagsgeschichten\/100-jahre-alte-zeitkapsel-geoeffnet-1.18401132?reduced=true<\/a><\/p>\n<p>Nzz.ch (27.2.2019), Der Blick in die Zukunft von gestern, 29.1.2021<\/p>\n<p><a href=\"https:\/\/www.nzz.ch\/feuilleton\/zeitkapseln-verschicken-botschaften-an-die-zukunft-ld.1462676?reduced=true\">https:\/\/www.nzz.ch\/feuilleton\/zeitkapseln-verschicken-botschaften-an-die-zukunft-ld.1462676?reduced=true<\/a><\/p>\n<p>Artlog.net (2012), Die Zeitkapsel im Wasserfall der Steinach, 29.1.2021<\/p>\n<p><a href=\"https:\/\/www.artlog.net\/it\/art\/die-zeitkapsel-im-wasserfall-der-steinach\">https:\/\/www.artlog.net\/it\/art\/die-zeitkapsel-im-wasserfall-der-steinach<\/a><\/p>\n<p>Spielgel.de. (2014). Historiker \u00f6ffnen vergessene Zeitkapsel in New York. 14.2.21<\/p>\n<p><a href=\"https:\/\/www.spiegel.de\/panorama\/zeitkapsel-in-new-york-historiker-oeffnen-bronzekiste-nach-100-jahren-a-996171.html\">https:\/\/www.spiegel.de\/panorama\/zeitkapsel-in-new-york-historiker-oeffnen-bronzekiste-nach-100-jahren-a-996171.html<\/a><\/p>\n<p>Wikipedia.org. (2021). Zeitkapsel. 14.2.21<\/p>\n<p><a href=\"https:\/\/de.wikipedia.org\/wiki\/Zeitkapsel#Beispiele\">https:\/\/de.wikipedia.org\/wiki\/Zeitkapsel#Beispiele<\/a><\/p>\n<p>Oglethorpe.edu. (2021). History. 14.2.21<\/p>\n<p><a href=\"https:\/\/oglethorpe.edu\/about\/history-traditions\/\">https:\/\/oglethorpe.edu\/about\/history-traditions\/<\/a><\/p>\n<p>Bildquelle: Oglethorpe University\u00a0<a href=\"https:\/\/crypt.oglethorpe.edu\/?attachment_id=173\">https:\/\/crypt.oglethorpe.edu\/?attachment_id=173<\/a><\/p>\n","protected":false},"excerpt":{"rendered":"<p>Jeder hat vermutlich schon einmal nach einem Schatz gesucht. Eine geheimnisvolle Kiste. Eine mysteri\u00f6se Aufschrift. Erst \u00f6ffnen im Jahre 2071! Nun ja, wenn Ihr eine &hellip; <\/p>\n","protected":false},"author":52,"featured_media":2532,"comment_status":"closed","ping_status":"closed","sticky":false,"template":"","format":"standard","meta":{"spay_email":"","jetpack_publicize_message":"","jetpack_is_tweetstorm":false},"categories":[8,9],"tags":[218,221,220,219],"jetpack_featured_media_url":"https:\/\/i1.wp.com\/kantilive.ch\/wp-content\/uploads\/2021\/02\/81E128F8-2F4B-40A0-A27A-EF49E504C2F1.jpeg?fit=2224%2C1450&ssl=1","jetpack_publicize_connections":[],"jetpack_sharing_enabled":true,"jetpack_shortlink":"https:\/\/wp.me\/pav19Q-EK","jetpack-related-posts":[{"id":1359,"url":"https:\/\/kantilive.ch\/index.php\/2020\/03\/04\/folgt-der-grosse-umbruch\/","url_meta":{"origin":2526,"position":0},"title":"Folgt der grosse Umbruch?","date":"4. M\u00e4rz 2020","format":false,"excerpt":"Immer wieder kommen einem an der Kanti Ger\u00fcchte zu Ohren, die von einer eventuellen Neustrukturierung der Schwerpunkte berichten. In letzter Zeit haben diese Ger\u00fcchte allerdings immer mehr den Charakter handfester \u00dcberlegungen angenommen. \u00a0 Aktuell sind Freif\u00e4cher und Erg\u00e4nzungsf\u00e4cher die einzigen Gef\u00e4sse, in denen der Klassenverbund aufgel\u00f6st wird und der Unterricht\u2026","rel":"","context":"In &quot;Allgemein&quot;","img":{"alt_text":"","src":"","width":0,"height":0},"classes":[]},{"id":4208,"url":"https:\/\/kantilive.ch\/index.php\/2022\/11\/25\/ja-ein-klitzekleines-woertchen\/","url_meta":{"origin":2526,"position":1},"title":"Ja - Ein klitzekleines W\u00f6rtchen","date":"25. November 2022","format":false,"excerpt":"F\u00fcr die rund 100 Teilnehmenden am diesj\u00e4hrigen Schreibwettbewerb an der Kantonsschule am Burggraben war es viel mehr als das. \u00dcber Tage, wenn nicht Wochen haben sie sich mit genau diesem\u00a0klitzekleinen W\u00f6rtchen auseinandergesetzt. Finn Bogdan erz\u00e4hlt von der Preisverleihung. \u00a0 Dieses Jahr konnte der Schreibwettbewerb unter dem Patronat der Studienstiftung wieder\u2026","rel":"","context":"In &quot;Vergangene Events&quot;","img":{"alt_text":"","src":"https:\/\/i1.wp.com\/kantilive.ch\/wp-content\/uploads\/2022\/11\/IMG_2655-scaled.jpeg?fit=1200%2C1024&ssl=1&resize=350%2C200","width":350,"height":200},"classes":[]},{"id":2659,"url":"https:\/\/kantilive.ch\/index.php\/2021\/03\/10\/schuelerinnenschaft-aerztinnen-oder-fussgaengerinnenstreifen-warum-sollte-mensch-sich-das-gendern-antun\/","url_meta":{"origin":2526,"position":2},"title":"Sch\u00fcler*innenschaft, \u00c4rzt*innen oder Fu\u00dfg\u00e4nger*innenstreifen - Warum sollte mensch sich das Gendern antun?","date":"10. M\u00e4rz 2021","format":false,"excerpt":"Auf den ersten Blick scheint es f\u00fcr viele zu kompliziert und umst\u00e4ndlich, doch Bef\u00fcrworter*innen finden, dass man sich rasch daran gew\u00f6hnt, wenn man m\u00f6chte: Das Gendern. Abgesehen vom Sonderzeichen inmitten eines Wortes geht es beim Gendern um viel mehr. Es geht um die Gleichberechtigung f\u00fcr alle Geschlechter, welche durch das\u2026","rel":"","context":"In &quot;Allgemein&quot;","img":{"alt_text":"","src":"https:\/\/i1.wp.com\/kantilive.ch\/wp-content\/uploads\/2021\/03\/4CF2250D-9742-478F-AD55-7E17E493E61E.jpeg?fit=1024%2C577&ssl=1&resize=350%2C200","width":350,"height":200},"classes":[]},{"id":1150,"url":"https:\/\/kantilive.ch\/index.php\/2019\/11\/08\/die-kantizeit-ist-perfekt-um-in-die-politik-einzusteigen-anna-jaeger-im-portraet\/","url_meta":{"origin":2526,"position":3},"title":"\"Die Kantizeit ist perfekt, um in die Politik einzusteigen.\" - Anna J\u00e4ger im Portr\u00e4t","date":"8. November 2019","format":false,"excerpt":"(Quelle: Anna J\u00e4ger) Anna J\u00e4ger hat im Sommer 2019 ihre Matura abgeschlossen. Die ehemalige Chefredakteurin des Ultimatums befindet sich momentan in einem Zwischenjahr. Doch sie legt sich keineswegs auf die faule Haut. Was im vergangenen halben Jahr alles Spannendes im Leben von Anna J\u00e4ger passiert ist gibts in diesem Interview\u2026","rel":"","context":"In &quot;Allgemein&quot;","img":{"alt_text":"","src":"https:\/\/i0.wp.com\/kantilive.ch\/wp-content\/uploads\/2019\/11\/Ja\u0308ger_gross.png?fit=1200%2C1200&ssl=1&resize=350%2C200","width":350,"height":200},"classes":[]},{"id":4810,"url":"https:\/\/kantilive.ch\/index.php\/2023\/12\/17\/politiktag\/","url_meta":{"origin":2526,"position":4},"title":"Politiktag","date":"17. Dezember 2023","format":false,"excerpt":"Am Politiktag des 20. Novembers wurde dar\u00fcber diskutiert, ob K\u00fcnstliche Intelligenz in der Politik verwendet werden darf und ob man dies kennzeichnen muss. Viele von euch haben wahrscheinlich eure Hausaufgaben mit ChatGPT erstellt, k\u00f6nnt ihr also erraten welcher Text von ChatGPT und welcher Text von mir geschrieben worden ist? Am\u2026","rel":"","context":"In &quot;Politik&quot;","img":{"alt_text":"","src":"https:\/\/i0.wp.com\/kantilive.ch\/wp-content\/uploads\/2023\/12\/BildPolitiktag.png?fit=1200%2C797&ssl=1&resize=350%2C200","width":350,"height":200},"classes":[]},{"id":3770,"url":"https:\/\/kantilive.ch\/index.php\/2022\/02\/04\/wenn-ich-die-maturaarbeit-nochmals-schreiben-muesste-tipps-einer-viertklaesslerin\/","url_meta":{"origin":2526,"position":5},"title":"Wenn ich die Maturaarbeit nochmals schreiben m\u00fcsste... - Tipps einer Viertkl\u00e4sslerin","date":"4. Februar 2022","format":false,"excerpt":"Die Maturaarbeit markiert auf gewisse Weise den Anfang vom Ende unserer Kantizeit. Doch wie ist es so, eine solche zu schreiben? Einige Erkenntnisse nach dem heutigen Abgabetermin. Die Maturaarbeit besch\u00e4ftigt die Sch\u00fcler*innen relativ lange. Im Fr\u00fchjahr der dritten Klasse gibt es erste Informationen durch Herrn N\u00e4f, den zust\u00e4ndigen Prorektor. Der\u2026","rel":"","context":"In &quot;Allgemein&quot;","img":{"alt_text":"","src":"https:\/\/i0.wp.com\/kantilive.ch\/wp-content\/uploads\/2022\/02\/E11B52A6-373E-423A-A941-62AE33C5A98F.jpeg?fit=1200%2C679&ssl=1&resize=350%2C200","width":350,"height":200},"classes":[]}],"_links":{"self":[{"href":"https:\/\/kantilive.ch\/index.php\/wp-json\/wp\/v2\/posts\/2526"}],"collection":[{"href":"https:\/\/kantilive.ch\/index.php\/wp-json\/wp\/v2\/posts"}],"about":[{"href":"https:\/\/kantilive.ch\/index.php\/wp-json\/wp\/v2\/types\/post"}],"author":[{"embeddable":true,"href":"https:\/\/kantilive.ch\/index.php\/wp-json\/wp\/v2\/users\/52"}],"replies":[{"embeddable":true,"href":"https:\/\/kantilive.ch\/index.php\/wp-json\/wp\/v2\/comments?post=2526"}],"version-history":[{"count":7,"href":"https:\/\/kantilive.ch\/index.php\/wp-json\/wp\/v2\/posts\/2526\/revisions"}],"predecessor-version":[{"id":2536,"href":"https:\/\/kantilive.ch\/index.php\/wp-json\/wp\/v2\/posts\/2526\/revisions\/2536"}],"wp:featuredmedia":[{"embeddable":true,"href":"https:\/\/kantilive.ch\/index.php\/wp-json\/wp\/v2\/media\/2532"}],"wp:attachment":[{"href":"https:\/\/kantilive.ch\/index.php\/wp-json\/wp\/v2\/media?parent=2526"}],"wp:term":[{"taxonomy":"category","embeddable":true,"href":"https:\/\/kantilive.ch\/index.php\/wp-json\/wp\/v2\/categories?post=2526"},{"taxonomy":"post_tag","embeddable":true,"href":"https:\/\/kantilive.ch\/index.php\/wp-json\/wp\/v2\/tags?post=2526"}],"curies":[{"name":"wp","href":"https:\/\/api.w.org\/{rel}","templated":true}]}}