{"id":2543,"date":"2021-03-15T10:31:02","date_gmt":"2021-03-15T09:31:02","guid":{"rendered":"http:\/\/kantilive.ch\/?p=2543"},"modified":"2021-03-15T10:31:02","modified_gmt":"2021-03-15T09:31:02","slug":"du-bisch-so-heiss-du-chunsch-mit-zu-mir-huet","status":"publish","type":"post","link":"https:\/\/kantilive.ch\/index.php\/2021\/03\/15\/du-bisch-so-heiss-du-chunsch-mit-zu-mir-huet\/","title":{"rendered":"\u201eDu bisch so heiss, du chunsch mit zu mir h\u00fct\u201c"},"content":{"rendered":"<p>\u201eDu bisch so heiss, du chunsch mit zu mir h\u00fct\u201c. Mit farbiger Kreide steht dieser Satz am Hauptbahnhof in Z\u00fcrich am 6. Februar auf dem Boden geschrieben. Zwei Tage sp\u00e4ter, wieder in farbigem Schriftzug und am selben Bahnhof: \u201e15i? Schad w\u00fcrd dich die ganz Nacht dure neh.\u201c Am 12. Februar: \u201eBoah, ich w\u00fcr sie so krass f*gge weni dich w\u00e4r!\u201c Diesmal befindet sich der Satz auf dem Asphalt der Langstrasse.<\/p>\n<p>Dies sind bloss wenige Beispiele f\u00fcr die h\u00e4ufigen Vorf\u00e4lle von Catcalling, alleine in der Stadt Z\u00fcrich. Nat\u00fcrlich findet Catcalling nicht nur in Z\u00fcrich statt, sondern ist eine globale Tatsache.<\/p>\n<p><img data-attachment-id=\"2745\" data-permalink=\"https:\/\/kantilive.ch\/index.php\/2021\/03\/15\/du-bisch-so-heiss-du-chunsch-mit-zu-mir-huet\/6d97ba8f-9a2f-412e-9465-1596d8d80167\/\" data-orig-file=\"https:\/\/i1.wp.com\/kantilive.ch\/wp-content\/uploads\/2021\/03\/6D97BA8F-9A2F-412E-9465-1596D8D80167.jpeg?fit=746%2C994&amp;ssl=1\" data-orig-size=\"746,994\" data-comments-opened=\"0\" data-image-meta=\"{&quot;aperture&quot;:&quot;0&quot;,&quot;credit&quot;:&quot;&quot;,&quot;camera&quot;:&quot;&quot;,&quot;caption&quot;:&quot;&quot;,&quot;created_timestamp&quot;:&quot;0&quot;,&quot;copyright&quot;:&quot;&quot;,&quot;focal_length&quot;:&quot;0&quot;,&quot;iso&quot;:&quot;0&quot;,&quot;shutter_speed&quot;:&quot;0&quot;,&quot;title&quot;:&quot;&quot;,&quot;orientation&quot;:&quot;1&quot;}\" data-image-title=\"6D97BA8F-9A2F-412E-9465-1596D8D80167\" data-image-description=\"\" data-medium-file=\"https:\/\/i1.wp.com\/kantilive.ch\/wp-content\/uploads\/2021\/03\/6D97BA8F-9A2F-412E-9465-1596D8D80167.jpeg?fit=225%2C300&amp;ssl=1\" data-large-file=\"https:\/\/i1.wp.com\/kantilive.ch\/wp-content\/uploads\/2021\/03\/6D97BA8F-9A2F-412E-9465-1596D8D80167.jpeg?fit=746%2C994&amp;ssl=1\" decoding=\"async\" loading=\"lazy\" class=\"alignnone size-medium wp-image-2745\" src=\"https:\/\/i1.wp.com\/kantilive.ch\/wp-content\/uploads\/2021\/03\/6D97BA8F-9A2F-412E-9465-1596D8D80167.jpeg?resize=225%2C300\" alt=\"\" width=\"225\" height=\"300\" srcset=\"https:\/\/i1.wp.com\/kantilive.ch\/wp-content\/uploads\/2021\/03\/6D97BA8F-9A2F-412E-9465-1596D8D80167.jpeg?resize=225%2C300&amp;ssl=1 225w, https:\/\/i1.wp.com\/kantilive.ch\/wp-content\/uploads\/2021\/03\/6D97BA8F-9A2F-412E-9465-1596D8D80167.jpeg?w=746&amp;ssl=1 746w\" sizes=\"(max-width: 225px) 100vw, 225px\" data-recalc-dims=\"1\" \/><\/p>\n<p>Catcalling ist eine Form von verbaler sexueller Bel\u00e4stigung, wie die oben genannten Beispiele. Sie wirken oft sehr einsch\u00fcchternd und verunsichernd auf die \u201ege-catcallte\u201c Person, denn es sind nicht Komplimente, sondern unangebrachte Anmachspr\u00fcche. Oftmals dienen Catcalls dazu, dass sich der T\u00e4ter oder die T\u00e4terin gut f\u00fchlt und werden als Mittel zur Demonstration der vermeintlichen Dominanz des Mannes verwendet. Das Erstaunliche dabei ist, dass sie von der Gesellschaft offenbar so anerkannt sind, dass sie sogar am helllichten Tag in der \u00d6ffentlichkeit ge\u00e4ussert werden.<\/p>\n<p>Im September 2019 wurde der Instagramaccount \u201ecatcallsofzrh\u201c ins Leben gerufen. Er dient dazu, auf die tagt\u00e4glichen Vorkommnisse von Catcalling in Z\u00fcrich aufmerksam zu machen, doch er ist nicht der erste und definitiv nicht der einzige Account dieser Art .<\/p>\n<p>2016 erstellte die New Yorkerin Sophie Sandberg den ersten Account mit dem Namen \u201ecatcallsofnyc\u201c. Die Idee dahinter ist simpel: \u201ege-catcallte\u201c Personen schreiben Sandberg eine Nachricht mit dem Ort und dem Catcall und sie zieht mit farbiger Kreide bewaffnet los und schreibt den jeweiligen Spruch an der entsprechenden Stelle auf den Boden. Das Hauptziel: die \u00d6ffentlichkeit zu sensibilisieren und Catcalls zu denormalisieren. Ihr zufolge hilft es den Leuten, nachdem sie bel\u00e4stigt wurden, es teilen zu k\u00f6nnen. Sie will auf die Thematik aufmerksam machen, ohne zu provozieren.<\/p>\n<p>Auch in der Schweiz gibt es bereits von mehreren St\u00e4dten solche Accounts. Erschreckend ist, dass solche Kommentare des \u00f6fteren sehr jungen M\u00e4dchen zugerufen werden. So handeln viele Catcall-Beispiele von Zw\u00f6lf- bis Sechzehnj\u00e4hrigen.<\/p>\n<p><img data-attachment-id=\"2747\" data-permalink=\"https:\/\/kantilive.ch\/index.php\/2021\/03\/15\/du-bisch-so-heiss-du-chunsch-mit-zu-mir-huet\/47ed343c-3b18-41d5-8ad8-a578c218c75e\/\" data-orig-file=\"https:\/\/i1.wp.com\/kantilive.ch\/wp-content\/uploads\/2021\/03\/47ED343C-3B18-41D5-8AD8-A578C218C75E.jpeg?fit=746%2C761&amp;ssl=1\" data-orig-size=\"746,761\" data-comments-opened=\"0\" data-image-meta=\"{&quot;aperture&quot;:&quot;0&quot;,&quot;credit&quot;:&quot;&quot;,&quot;camera&quot;:&quot;&quot;,&quot;caption&quot;:&quot;&quot;,&quot;created_timestamp&quot;:&quot;0&quot;,&quot;copyright&quot;:&quot;&quot;,&quot;focal_length&quot;:&quot;0&quot;,&quot;iso&quot;:&quot;0&quot;,&quot;shutter_speed&quot;:&quot;0&quot;,&quot;title&quot;:&quot;&quot;,&quot;orientation&quot;:&quot;1&quot;}\" data-image-title=\"47ED343C-3B18-41D5-8AD8-A578C218C75E\" data-image-description=\"\" data-medium-file=\"https:\/\/i1.wp.com\/kantilive.ch\/wp-content\/uploads\/2021\/03\/47ED343C-3B18-41D5-8AD8-A578C218C75E.jpeg?fit=294%2C300&amp;ssl=1\" data-large-file=\"https:\/\/i1.wp.com\/kantilive.ch\/wp-content\/uploads\/2021\/03\/47ED343C-3B18-41D5-8AD8-A578C218C75E.jpeg?fit=746%2C761&amp;ssl=1\" decoding=\"async\" loading=\"lazy\" class=\"alignnone size-medium wp-image-2747\" src=\"https:\/\/i1.wp.com\/kantilive.ch\/wp-content\/uploads\/2021\/03\/47ED343C-3B18-41D5-8AD8-A578C218C75E.jpeg?resize=294%2C300\" alt=\"\" width=\"294\" height=\"300\" srcset=\"https:\/\/i1.wp.com\/kantilive.ch\/wp-content\/uploads\/2021\/03\/47ED343C-3B18-41D5-8AD8-A578C218C75E.jpeg?resize=294%2C300&amp;ssl=1 294w, https:\/\/i1.wp.com\/kantilive.ch\/wp-content\/uploads\/2021\/03\/47ED343C-3B18-41D5-8AD8-A578C218C75E.jpeg?resize=70%2C70&amp;ssl=1 70w, https:\/\/i1.wp.com\/kantilive.ch\/wp-content\/uploads\/2021\/03\/47ED343C-3B18-41D5-8AD8-A578C218C75E.jpeg?w=746&amp;ssl=1 746w\" sizes=\"(max-width: 294px) 100vw, 294px\" data-recalc-dims=\"1\" \/><\/p>\n<p>Die Organisation \u201echalkback\u201c, welche dazu dient, alle Catcallaccounts zu verkn\u00fcpfen, erstreckt sich bereits \u00fcber 49 L\u00e4nder und etwa 150 St\u00e4dte. Diese Zahlen sind erfreulich und beunruhigend zugleich. Sie zeigen einerseits, dass eine Grosszahl an Menschen das Projekt unterst\u00fctzen, andererseits f\u00fchrt es einem vor Augen, dass solche Vorf\u00e4lle omnipr\u00e4sent sind.<\/p>\n<p>&nbsp;<\/p>\n<p><span style=\"color: #999999;\">Bildquelle: https:\/\/www.instagram.com<\/span><\/p>\n<p><a href=\"https:\/\/www.chalkback.org\"><span style=\"color: #999999;\">www.chalkback.org<\/span><\/a><\/p>\n","protected":false},"excerpt":{"rendered":"<p>\u201eDu bisch so heiss, du chunsch mit zu mir h\u00fct\u201c. Mit farbiger Kreide steht dieser Satz am Hauptbahnhof in Z\u00fcrich am 6. Februar auf dem &hellip; <\/p>\n","protected":false},"author":43,"featured_media":2749,"comment_status":"closed","ping_status":"closed","sticky":false,"template":"","format":"standard","meta":{"spay_email":"","jetpack_publicize_message":"","jetpack_is_tweetstorm":false},"categories":[1],"tags":[],"jetpack_featured_media_url":"https:\/\/i0.wp.com\/kantilive.ch\/wp-content\/uploads\/2021\/03\/3E307391-E896-4B16-BBD4-68FF644F5BFF.jpeg?fit=742%2C759&ssl=1","jetpack_publicize_connections":[],"jetpack_sharing_enabled":true,"jetpack_shortlink":"https:\/\/wp.me\/pav19Q-F1","jetpack-related-posts":[{"id":4440,"url":"https:\/\/kantilive.ch\/index.php\/2023\/09\/13\/maturierenden-messe-zuerich-wohin-nach-der-ksbg\/","url_meta":{"origin":2543,"position":0},"title":"Maturierenden Messe Z\u00fcrich : Wohin nach der KSBG?","date":"13. September 2023","format":false,"excerpt":"Viele Sch\u00fcler*innen aus verschiedenen Kantonsschulen der Schweiz nahmen am Mittwoch dem 06. September an der Maturierenden Messe in Z\u00fcrich teil. Dort konnte man sich \u00fcber viele Studieng\u00e4nge, Fachhochschulen, Universit\u00e4ten und weiteres informieren. Es gab sogar ein Kahoot mit tollen Preisen. Die Frage: \"Was mache ich bloss nach der Matura?\", f\u00fchlte\u2026","rel":"","context":"In &quot;Allgemein&quot;","img":{"alt_text":"","src":"https:\/\/i2.wp.com\/kantilive.ch\/wp-content\/uploads\/2023\/09\/small_DSC03146.jpg?fit=414%2C276&ssl=1&resize=350%2C200","width":350,"height":200},"classes":[]},{"id":3779,"url":"https:\/\/kantilive.ch\/index.php\/2022\/05\/26\/hoteldaecher-bungee-jumping-und-figuren-die-sich-selbststaendig-machen-eine-tiefsinnige-autorenlesung-mit-simone-lappert-und-der-sprung\/","url_meta":{"origin":2543,"position":1},"title":"Hoteld\u00e4cher, Bungee Jumping und Figuren, die sich selbstst\u00e4ndig machen: Eine tiefsinnige Autorenlesung mit Simone Lappert","date":"26. Mai 2022","format":false,"excerpt":"Vor nicht ganz zwei Wochen fand die Autorenlesung f\u00fcr UG-Klassen in der Bibliothek statt. Dieses Ereignis erinnerte uns gleich an den 24. Januar, als die preisgekr\u00f6nte Aargauer Schriftstellerin Simone Lappert unsere Schule besuchte und vermutlich eine der fesselndsten Lesungen hielt, die es in unserer Aula je gegeben hat.\u00a0 \"Bevor sie\u2026","rel":"","context":"In &quot;Personen&quot;","img":{"alt_text":"","src":"https:\/\/i2.wp.com\/kantilive.ch\/wp-content\/uploads\/2022\/05\/36D62CF7-7A7B-4475-AA73-2E1945587703.jpeg?fit=1200%2C744&ssl=1&resize=350%2C200","width":350,"height":200},"classes":[]},{"id":1150,"url":"https:\/\/kantilive.ch\/index.php\/2019\/11\/08\/die-kantizeit-ist-perfekt-um-in-die-politik-einzusteigen-anna-jaeger-im-portraet\/","url_meta":{"origin":2543,"position":2},"title":"\"Die Kantizeit ist perfekt, um in die Politik einzusteigen.\" - Anna J\u00e4ger im Portr\u00e4t","date":"8. November 2019","format":false,"excerpt":"(Quelle: Anna J\u00e4ger) Anna J\u00e4ger hat im Sommer 2019 ihre Matura abgeschlossen. Die ehemalige Chefredakteurin des Ultimatums befindet sich momentan in einem Zwischenjahr. Doch sie legt sich keineswegs auf die faule Haut. Was im vergangenen halben Jahr alles Spannendes im Leben von Anna J\u00e4ger passiert ist gibts in diesem Interview\u2026","rel":"","context":"In &quot;Allgemein&quot;","img":{"alt_text":"","src":"https:\/\/i0.wp.com\/kantilive.ch\/wp-content\/uploads\/2019\/11\/Ja\u0308ger_gross.png?fit=1200%2C1200&ssl=1&resize=350%2C200","width":350,"height":200},"classes":[]},{"id":2553,"url":"https:\/\/kantilive.ch\/index.php\/2021\/02\/22\/peak-performance-sprachen-sind-der-schluessel-zur-welt\/","url_meta":{"origin":2543,"position":3},"title":"Peak Performance \u2013 Sprachen sind der Schl\u00fcssel zur Welt","date":"22. Februar 2021","format":false,"excerpt":"Oh nein,\u00a0eine\u00a0Doppelstunde\u00a0Fremdsprachen!\u00a0Schon wieder,\u00a0das bringt mir doch sowieso nichts!\u00a0\u00a0 Sicher? Wieso\u00a0lernen\u00a0wir\u00a0denn\u00a0\u00fcberhaupt\u00a0andere Sprachen?\u00a0Woher kommen all die verschiedenen Sprachen?\u00a0Wie\u00a0lerne\u00a0ich am\u00a0effizientesten eine Fremdsprache?\u00a0\u00a0 In diesem Artikel werden wir diesen und noch vielen weiteren Fragen auf den Grund gehen. Wir\u00a0widmen\u00a0uns\u00a0unter anderem\u00a0den Indoeurop\u00e4ischen\u00a0Sprachen, welche\u00a0eng mit unserer Kultur\u00a0und\u00a0heutigen Sprache\u00a0verkn\u00fcpft\u00a0sind.\u00a0Zudem\u00a0behandeln wir\u00a0einige bew\u00e4hrte Methoden zum Erlernen neuer Sprachen.\u00a0 Welcome,\u00a0bienvenido,\u00a0bienvenu,\u00a0benvenuto,\u00a0\u6b22\u8fce!\u00a0\u00a0\u2026","rel":"","context":"In &quot;Allgemein&quot;","img":{"alt_text":"","src":"https:\/\/i1.wp.com\/kantilive.ch\/wp-content\/uploads\/2021\/02\/friends-scaled.jpg?fit=1200%2C801&ssl=1&resize=350%2C200","width":350,"height":200},"classes":[]},{"id":2168,"url":"https:\/\/kantilive.ch\/index.php\/2020\/10\/29\/michael-luetolf-die-schule-muesste-einen-groesseren-schritt-richtung-interdisziplinaritaet-machen\/","url_meta":{"origin":2543,"position":4},"title":"Michael L\u00fctolf: \u201eDie Schule m\u00fcsste einen gr\u00f6sseren Schritt Richtung Interdisziplinarit\u00e4t machen\u201c","date":"29. Oktober 2020","format":false,"excerpt":"Big News! Endlich haben wir erfahren, wer ab August 2021 unser neuer Rektor sein wird: Michael L\u00fctolf, der bisherige Prorektor der mathematisch- naturwissenschaftlichen Abteilung. Als Nachfolger von Herrn K\u00f6nig, der nach 14-j\u00e4hriger Amtszeit nun seinen Posten abgibt und in den Ruhestand tritt, wird er sein Amt \u00fcbernehmen. Um unseren zuk\u00fcnftigen\u2026","rel":"","context":"In &quot;Personen&quot;","img":{"alt_text":"","src":"https:\/\/i0.wp.com\/kantilive.ch\/wp-content\/uploads\/2020\/10\/4A7C3C42-0FBD-41E9-BA16-54D5F425D36B.jpeg?fit=1140%2C390&ssl=1&resize=350%2C200","width":350,"height":200},"classes":[]},{"id":4947,"url":"https:\/\/kantilive.ch\/index.php\/2024\/03\/10\/funken-aus-der-vergangenheit\/","url_meta":{"origin":2543,"position":5},"title":"Funken aus der Vergangenheit","date":"10. M\u00e4rz 2024","format":false,"excerpt":"Am 16. Februar fand ein weiteres Ehemaligentreffen der Kanti statt: In der Mensa tauschten sich die Ehemaligen aus, genossen dabei Essen und Bier ausgiebig und feierten\u00a0gelassen ihre vergangene Kantizeit. Wird\u00a0es uns wie ihnen gehen?\u00a0 Wenn wir endlich auch die Matura geschafft haben, bleiben uns viele Erinnerungen: Funken aus der Kantizeit.\u2026","rel":"","context":"In &quot;Allgemein&quot;","img":{"alt_text":"","src":"https:\/\/i0.wp.com\/kantilive.ch\/wp-content\/uploads\/2024\/03\/Foto-1-300x198.jpg?resize=350%2C200","width":350,"height":200},"classes":[]}],"_links":{"self":[{"href":"https:\/\/kantilive.ch\/index.php\/wp-json\/wp\/v2\/posts\/2543"}],"collection":[{"href":"https:\/\/kantilive.ch\/index.php\/wp-json\/wp\/v2\/posts"}],"about":[{"href":"https:\/\/kantilive.ch\/index.php\/wp-json\/wp\/v2\/types\/post"}],"author":[{"embeddable":true,"href":"https:\/\/kantilive.ch\/index.php\/wp-json\/wp\/v2\/users\/43"}],"replies":[{"embeddable":true,"href":"https:\/\/kantilive.ch\/index.php\/wp-json\/wp\/v2\/comments?post=2543"}],"version-history":[{"count":23,"href":"https:\/\/kantilive.ch\/index.php\/wp-json\/wp\/v2\/posts\/2543\/revisions"}],"predecessor-version":[{"id":2748,"href":"https:\/\/kantilive.ch\/index.php\/wp-json\/wp\/v2\/posts\/2543\/revisions\/2748"}],"wp:featuredmedia":[{"embeddable":true,"href":"https:\/\/kantilive.ch\/index.php\/wp-json\/wp\/v2\/media\/2749"}],"wp:attachment":[{"href":"https:\/\/kantilive.ch\/index.php\/wp-json\/wp\/v2\/media?parent=2543"}],"wp:term":[{"taxonomy":"category","embeddable":true,"href":"https:\/\/kantilive.ch\/index.php\/wp-json\/wp\/v2\/categories?post=2543"},{"taxonomy":"post_tag","embeddable":true,"href":"https:\/\/kantilive.ch\/index.php\/wp-json\/wp\/v2\/tags?post=2543"}],"curies":[{"name":"wp","href":"https:\/\/api.w.org\/{rel}","templated":true}]}}