{"id":2724,"date":"2021-03-17T09:00:50","date_gmt":"2021-03-17T08:00:50","guid":{"rendered":"http:\/\/kantilive.ch\/?p=2724"},"modified":"2021-03-17T11:14:45","modified_gmt":"2021-03-17T10:14:45","slug":"eine-gedankenreise-nach-suedamerika","status":"publish","type":"post","link":"https:\/\/kantilive.ch\/index.php\/2021\/03\/17\/eine-gedankenreise-nach-suedamerika\/","title":{"rendered":"Eine Gedankenreise nach S\u00fcdamerika"},"content":{"rendered":"<p>Corona macht leider fast allen Reisepl\u00e4nen einen Strich durch die Rechnung. Aber etwas kann man uns nicht nehmen: die Fantasie. Wir nehmen Dich mit auf eine Gedankenreise nach S\u00fcdamerika!<!--more--><\/p>\n<p>&nbsp;<\/p>\n<p>Zuerst stocken wir Dein Allgemeinwissen auf mit diesen drei Fakten \u00fcber S\u00fcdamerika:<\/p>\n<p>Der Kontinent S\u00fcdamerika hat eine Fl\u00e4che von 17\u2018843&#8217;000 km<sup>2<\/sup> und umfasst 13 L\u00e4nder.<\/p>\n<p>Die Landessprachen sind Spanisch, Portugiesisch, Englisch, Franz\u00f6sisch, Niederl\u00e4ndisch und Guaran\u00ed.<\/p>\n<p>In S\u00fcdamerika findest Du den h\u00f6chsten Berg ausserhalb Asiens, der Aconcagua mit einer H\u00f6he von 6961 m.\u00fc.M.<\/p>\n<p>&nbsp;<\/p>\n<p>F\u00fcr die Einstimmung, hier drei Impressionen von dem so diversen Kontinent:<\/p>\n<p><img decoding=\"async\" src=\"https:\/\/upload.wikimedia.org\/wikipedia\/commons\/thumb\/c\/c8\/Aconcagua_13.JPG\/800px-Aconcagua_13.JPG\" alt=\"Der Cerro Aconcagua im November 2004\" \/>Der Berg Aconcagua<\/p>\n<p><img decoding=\"async\" src=\"https:\/\/i2.wp.com\/www.neissen-events.de\/wp-content\/uploads\/2019\/04\/Suedamerika_Martin_Leonhardt-8.jpg?w=760&#038;ssl=1\" data-recalc-dims=\"1\" \/>Eine Indigene in typischer Kleidung, vor dem typischen Landschaftsbild<\/p>\n<p><img decoding=\"async\" src=\"https:\/\/i2.wp.com\/uploads.exoticca.de\/de_DE\/destination\/country\/kolumbien-events.png?w=760&#038;ssl=1\" data-recalc-dims=\"1\" \/>Ein Strassenumzug in Kolumbien, die S\u00fcdamerikaner lieben Feste.<\/p>\n<p>&nbsp;<\/p>\n<p>Um Dir das Wegtr\u00e4umen zu erleichtern, braucht es nat\u00fcrlich auch noch die passende Musik. Dies sind drei Lieder bekannter s\u00fcdamerikanischer Musiker, aber es gibt noch so viel mehr.<\/p>\n<p><a href=\"https:\/\/www.youtube.com\/watch?v=y8rBC6GCUjg\" data-rel=\"lightbox-video-0\">Julieta Venegas: Me voy<\/a><\/p>\n<p><a href=\"https:\/\/www.youtube.com\/watch?v=RJBqtLe3d5k\" data-rel=\"lightbox-video-1\">Calle 13: Los idiotas<\/a><\/p>\n<p><a href=\"https:\/\/www.youtube.com\/watch?v=TRaRzTt5U1o\" data-rel=\"lightbox-video-2\">Gal Costa: Wave<\/a><\/p>\n<p>&nbsp;<\/p>\n<p>Das sch\u00f6nste am Reisen darf selbstverst\u00e4ndlich nicht fehlen: das regionale Essen. Hier drei Spezialit\u00e4ten, kombinierbar als Menu oder auch f\u00fcr sich allein superlecker.<\/p>\n<p><img decoding=\"async\" loading=\"lazy\" class=\"alignright\" src=\"https:\/\/i0.wp.com\/vintagekitchennotes.com\/wp-content\/uploads\/2019\/10\/Alfajores-20-featured.jpg?resize=179%2C179&#038;ssl=1\" width=\"179\" height=\"179\" data-recalc-dims=\"1\" \/><\/p>\n<p><img decoding=\"async\" loading=\"lazy\" class=\"alignnone\" src=\"https:\/\/i2.wp.com\/nutricion.life\/wp-content\/uploads\/2015\/09\/Como-puedo-hacer-empanadas-de-queso.jpg?resize=226%2C170&#038;ssl=1\" alt=\"\" width=\"226\" height=\"170\" data-recalc-dims=\"1\" \/><img decoding=\"async\" loading=\"lazy\" class=\"alignright\" src=\"https:\/\/i0.wp.com\/s3-us-east-2.amazonaws.com\/enterate24backup\/wp-content\/uploads\/2019\/10\/29100153\/cazuela.jpg?resize=233%2C139&#038;ssl=1\" width=\"233\" height=\"139\" data-recalc-dims=\"1\" \/><\/p>\n<ul>\n<li>Empanadas, der Klassiker. Sie lassen sich super selbst machen mit einem ausgewallten Pizzateig und einer beliebigen F\u00fcllung. Typischerweise sind sie meistens mit K\u00e4se gef\u00fcllt.<\/li>\n<li>Cazuela, ein Eintopf in dem fast alle Essensreste verwertet werden k\u00f6nnen. <a href=\"https:\/\/www.essen-und-trinken.de\/rezepte\/38570-rzpt-cazuela-de-vaca-rind-und-kuerbis-stew\">Hier geht es zu einem Rezept<\/a>.<\/li>\n<li>Alfajores, ein argentinischer Keks zum Niederknien. Der Teig ist \u00e4hnlich, wie der eines Sabl\u00e9s und gef\u00fcllt werden sie mit Dulce de leche, einer Milchcaramellcr\u00e8me. <a href=\"https:\/\/www.chefkoch.de\/rezepte\/86071033744126\/Alfajores-de-Maizena.html\">Hier ein Rezept<\/a><\/li>\n<\/ul>\n<p>&nbsp;<\/p>\n<p>PS: Wir haben hier S\u00fcdamerika als eine Einheit vorgestellt, solltest Du jedoch jemals physisch dort hin reisen k\u00f6nnen, denk daran, dass zwischen den einzelnen Staaten ein grosses Konkurrenzdenken herrscht.<\/p>\n<p>&nbsp;<\/p>\n<p>Quellen<\/p>\n<p><span style=\"color: #999999;\"><a style=\"color: #999999;\" href=\"https:\/\/de.wikipedia.org\/wiki\/Aconcagua#\/media\/Datei:Aconcagua_13.JPGhttps:\/\/www.neissen-events.de\/wp-content\/uploads\/2019\/04\/Suedamerika_Martin_Leonhardt-8.jpghttps:\/\/uploads.exoticca.de\/de_DE\/destination\/country\/kolumbien-events.pnghttps:\/\/nutricion.life\/wp-content\/uploads\/2015\/09\/Como-puedo-hacer-empanadas-de-queso.jpghttps:\/\/s3-us-east-2.amazonaws.com\/enterate24backup\/wp-content\/uploads\/2019\/10\/29100153\/cazuela.jpghttps:\/\/vintagekitchennotes.com\/wp-content\/uploads\/2019\/10\/Alfajores-20-featured.jpg\" data-rel=\"lightbox-image-0\" data-rl_title=\"\" data-rl_caption=\"\" title=\"\">https:\/\/de.wikipedia.org\/wiki\/Aconcagua#\/media\/Datei:Aconcagua_13.JPG<\/a><\/span><\/p>\n<p><span style=\"color: #999999;\"><a style=\"color: #999999;\" href=\"https:\/\/de.wikipedia.org\/wiki\/Aconcagua#\/media\/Datei:Aconcagua_13.JPGhttps:\/\/www.neissen-events.de\/wp-content\/uploads\/2019\/04\/Suedamerika_Martin_Leonhardt-8.jpghttps:\/\/uploads.exoticca.de\/de_DE\/destination\/country\/kolumbien-events.pnghttps:\/\/nutricion.life\/wp-content\/uploads\/2015\/09\/Como-puedo-hacer-empanadas-de-queso.jpghttps:\/\/s3-us-east-2.amazonaws.com\/enterate24backup\/wp-content\/uploads\/2019\/10\/29100153\/cazuela.jpghttps:\/\/vintagekitchennotes.com\/wp-content\/uploads\/2019\/10\/Alfajores-20-featured.jpg\" data-rel=\"lightbox-image-1\" data-rl_title=\"\" data-rl_caption=\"\" title=\"\">https:\/\/www.neissen-events.de\/wp-content\/uploads\/2019\/04\/Suedamerika_Martin_Leonhardt-8.jpg<\/a><\/span><\/p>\n<p><span style=\"color: #999999;\"><a style=\"color: #999999;\" href=\"https:\/\/de.wikipedia.org\/wiki\/Aconcagua#\/media\/Datei:Aconcagua_13.JPGhttps:\/\/www.neissen-events.de\/wp-content\/uploads\/2019\/04\/Suedamerika_Martin_Leonhardt-8.jpghttps:\/\/uploads.exoticca.de\/de_DE\/destination\/country\/kolumbien-events.pnghttps:\/\/nutricion.life\/wp-content\/uploads\/2015\/09\/Como-puedo-hacer-empanadas-de-queso.jpghttps:\/\/s3-us-east-2.amazonaws.com\/enterate24backup\/wp-content\/uploads\/2019\/10\/29100153\/cazuela.jpghttps:\/\/vintagekitchennotes.com\/wp-content\/uploads\/2019\/10\/Alfajores-20-featured.jpg\" data-rel=\"lightbox-image-2\" data-rl_title=\"\" data-rl_caption=\"\" title=\"\">https:\/\/uploads.exoticca.de\/de_DE\/destination\/country\/kolumbien-events.png<\/a><\/span><\/p>\n<p><span style=\"color: #999999;\"><a style=\"color: #999999;\" href=\"https:\/\/de.wikipedia.org\/wiki\/Aconcagua#\/media\/Datei:Aconcagua_13.JPGhttps:\/\/www.neissen-events.de\/wp-content\/uploads\/2019\/04\/Suedamerika_Martin_Leonhardt-8.jpghttps:\/\/uploads.exoticca.de\/de_DE\/destination\/country\/kolumbien-events.pnghttps:\/\/nutricion.life\/wp-content\/uploads\/2015\/09\/Como-puedo-hacer-empanadas-de-queso.jpghttps:\/\/s3-us-east-2.amazonaws.com\/enterate24backup\/wp-content\/uploads\/2019\/10\/29100153\/cazuela.jpghttps:\/\/vintagekitchennotes.com\/wp-content\/uploads\/2019\/10\/Alfajores-20-featured.jpg\" data-rel=\"lightbox-image-3\" data-rl_title=\"\" data-rl_caption=\"\" title=\"\">https:\/\/nutricion.life\/wp-content\/uploads\/2015\/09\/Como-puedo-hacer-empanadas-de-queso.jpg<\/a><\/span><\/p>\n<p><span style=\"color: #999999;\"><a style=\"color: #999999;\" href=\"https:\/\/de.wikipedia.org\/wiki\/Aconcagua#\/media\/Datei:Aconcagua_13.JPGhttps:\/\/www.neissen-events.de\/wp-content\/uploads\/2019\/04\/Suedamerika_Martin_Leonhardt-8.jpghttps:\/\/uploads.exoticca.de\/de_DE\/destination\/country\/kolumbien-events.pnghttps:\/\/nutricion.life\/wp-content\/uploads\/2015\/09\/Como-puedo-hacer-empanadas-de-queso.jpghttps:\/\/s3-us-east-2.amazonaws.com\/enterate24backup\/wp-content\/uploads\/2019\/10\/29100153\/cazuela.jpghttps:\/\/vintagekitchennotes.com\/wp-content\/uploads\/2019\/10\/Alfajores-20-featured.jpg\" data-rel=\"lightbox-image-4\" data-rl_title=\"\" data-rl_caption=\"\" title=\"\">https:\/\/s3-us-east-2.amazonaws.com\/enterate24backup\/wp-content\/uploads\/2019\/10\/29100153\/cazuela.jpg<\/a><\/span><\/p>\n<p><span style=\"color: #999999;\"><a style=\"color: #999999;\" href=\"https:\/\/vintagekitchennotes.com\/wp-content\/uploads\/2019\/10\/Alfajores-20-featured.jpg\" data-rel=\"lightbox-image-5\" data-rl_title=\"\" data-rl_caption=\"\" title=\"\">https:\/\/vintagekitchennotes.com\/wp-content\/uploads\/2019\/10\/Alfajores-20-featured.jpg<\/a><\/span><\/p>\n<p><span style=\"-webkit-tap-highlight-color: rgba(0, 0, 0, 0); color: #999999;\">http:\/\/www.transamerika.org\/medua\/suedamerika\/suedamerika.jpg<\/span><\/p>\n<p>&nbsp;<\/p>\n","protected":false},"excerpt":{"rendered":"<p>Corona macht leider fast allen Reisepl\u00e4nen einen Strich durch die Rechnung. Aber etwas kann man uns nicht nehmen: die Fantasie. Wir nehmen Dich mit auf &hellip; <\/p>\n","protected":false},"author":40,"featured_media":2760,"comment_status":"closed","ping_status":"closed","sticky":false,"template":"","format":"standard","meta":{"spay_email":"","jetpack_publicize_message":"","jetpack_is_tweetstorm":false},"categories":[1],"tags":[],"jetpack_featured_media_url":"https:\/\/i0.wp.com\/kantilive.ch\/wp-content\/uploads\/2021\/03\/2FECCE2D-6ECA-4E1F-A2AA-C54264EF8097.jpeg?fit=295%2C407&ssl=1","jetpack_publicize_connections":[],"jetpack_sharing_enabled":true,"jetpack_shortlink":"https:\/\/wp.me\/pav19Q-HW","jetpack-related-posts":[{"id":1920,"url":"https:\/\/kantilive.ch\/index.php\/2020\/05\/15\/coronavirus-in-chile-sprachaufenthalt-2020\/","url_meta":{"origin":2724,"position":0},"title":"Coronavirus in Chile, Sprachaufenthalt 2020","date":"15. Mai 2020","format":false,"excerpt":"Die Coronapandemie macht so manchem Plan einen Strich durch die Rechnung. Das auch bei Sch\u00fcleraustauschprogrammen, wie dem Austausch mit der Schweizerschule in Santiago de Chile. \u201eDiesen Sommer geht unsere Reise nach Chile los.\u201c Das dachten wir jedenfalls, bis die ersten Fl\u00fcge gestrichen, Grenzen geschlossen und schlussendlich unsere Schulstunden von zu\u2026","rel":"","context":"In &quot;Corona&quot;","img":{"alt_text":"","src":"https:\/\/i1.wp.com\/kantilive.ch\/wp-content\/uploads\/2020\/05\/santiago-de-chile-segundoenfoque-1024x595-1.jpg?fit=1024%2C595&ssl=1&resize=350%2C200","width":350,"height":200},"classes":[]},{"id":3948,"url":"https:\/\/kantilive.ch\/index.php\/2022\/03\/16\/regionale-handelsmesse-im-saentispark-drei-interviews\/","url_meta":{"origin":2724,"position":1},"title":"Regionale Handelsmesse im S\u00e4ntispark \u2013 Drei Interviews","date":"16. M\u00e4rz 2022","format":false,"excerpt":"Essbare R\u00f6hrli, knuspriges Granola oder Taschen aus Kleidern: Sch\u00fclerinnen und Sch\u00fcler haben an einer Messe in Abtwil Produkte f\u00fcr die Welt von morgen pr\u00e4sentiert. Leonhard Kick hat sich umgesehen \u2013 und mit drei Jungunternehmer*innen gesprochen.","rel":"","context":"In &quot;Allgemein&quot;","img":{"alt_text":"","src":"https:\/\/i1.wp.com\/kantilive.ch\/wp-content\/uploads\/2022\/03\/F2129119-C37D-4237-BFCC-EA5594B4BAF4.png?fit=1200%2C900&ssl=1&resize=350%2C200","width":350,"height":200},"classes":[]},{"id":3265,"url":"https:\/\/kantilive.ch\/index.php\/2021\/09\/26\/ich-wuerde-diese-erfahrung-nie-mehr-hergeben-michele-fedi-ueber-das-musical-suspenders\/","url_meta":{"origin":2724,"position":2},"title":"\"Ich w\u00fcrde diese Erfahrung nie mehr hergeben\" - Mich\u00e8le Fedi \u00fcber das Musical \u201eSuspenders\u201c","date":"26. September 2021","format":false,"excerpt":"F\u00fcnf Frauen im London der 1920er - ein Ziel:\u00a0Das\u00a0Streben nach einer Ver\u00e4nderung in einer von M\u00e4nnern dominierten Welt. Am 23.09.2021 \u00f6ffnete sich erstmals der Vorhang f\u00fcr das Musical \u201eSupsenders\u201c der Klasse 4aLM, welches sich mit genau diesem Thema auseinandersetzt. Mich\u00e8le Fedi, welche eine der Hauptrollen spielt, stellt sich den Fragen\u2026","rel":"","context":"In &quot;Allgemein&quot;","img":{"alt_text":"\"Ich w\u00fcrde diese Erfahrung nie mehr hergeben\" - Mich\u00e8le Fedi \u00fcber das Musical Suspenders","src":"https:\/\/i2.wp.com\/kantilive.ch\/wp-content\/uploads\/2021\/09\/Screenshot-2021-09-25-at-21.12.51.png?fit=1200%2C750&ssl=1&resize=350%2C200","width":350,"height":200},"classes":[]},{"id":4208,"url":"https:\/\/kantilive.ch\/index.php\/2022\/11\/25\/ja-ein-klitzekleines-woertchen\/","url_meta":{"origin":2724,"position":3},"title":"Ja - Ein klitzekleines W\u00f6rtchen","date":"25. November 2022","format":false,"excerpt":"F\u00fcr die rund 100 Teilnehmenden am diesj\u00e4hrigen Schreibwettbewerb an der Kantonsschule am Burggraben war es viel mehr als das. \u00dcber Tage, wenn nicht Wochen haben sie sich mit genau diesem\u00a0klitzekleinen W\u00f6rtchen auseinandergesetzt. Finn Bogdan erz\u00e4hlt von der Preisverleihung. \u00a0 Dieses Jahr konnte der Schreibwettbewerb unter dem Patronat der Studienstiftung wieder\u2026","rel":"","context":"In &quot;Vergangene Events&quot;","img":{"alt_text":"","src":"https:\/\/i1.wp.com\/kantilive.ch\/wp-content\/uploads\/2022\/11\/IMG_2655-scaled.jpeg?fit=1200%2C1024&ssl=1&resize=350%2C200","width":350,"height":200},"classes":[]},{"id":5188,"url":"https:\/\/kantilive.ch\/index.php\/2025\/01\/08\/der-oekopilot\/","url_meta":{"origin":2724,"position":4},"title":"Der \u00d6kopilot","date":"8. Januar 2025","format":false,"excerpt":"Herr Sieber unterrichtet seit acht Jahren an der KSBG in den F\u00e4chern Geografie und Informatik. Was ihn auszeichnet: Sein grosser CO2-Fussabdruck, den er sich in zehn Jahren Pilotendasein zugelegt hat. Heute kommt er so oft wie m\u00f6glich mit dem Fahrrad zur Schule. Im Interview erz\u00e4hlt er von einer verschwenderischen Generation\u2026","rel":"","context":"In &quot;Allgemein&quot;","img":{"alt_text":"","src":"https:\/\/i2.wp.com\/kantilive.ch\/wp-content\/uploads\/2025\/01\/oekopilot.jpeg?fit=1023%2C682&ssl=1&resize=350%2C200","width":350,"height":200},"classes":[]},{"id":3290,"url":"https:\/\/kantilive.ch\/index.php\/2021\/09\/27\/zwischen-hemd-und-anzug-als-schueler-am-st-galler-bildungstag\/","url_meta":{"origin":2724,"position":5},"title":"Zwischen Hemd und Anzug: Als Sch\u00fcler am St. Galler Bildungstag","date":"27. September 2021","format":false,"excerpt":"500 Lehrerinnen und Lehrer haben sich am Wochenende auf dem Olma-Gel\u00e4nde getroffen, um die Bildung umzukrempeln. Unter ihnen hat KSBG-Sch\u00fcler\u00a0Finn Bogdan\u00a0nerv\u00f6s auf seinen grossen\u00a0Auftritt gewartet. Ein Erfahrungsbericht F\u00fcr mich begann der Samstag um 6.30 Uhr mit der altbekannten Fragestellung: Was ziehe ich eigentlich an? Und sowieso: Kennen Lehrer*innen eigentlich kein\u2026","rel":"","context":"In &quot;Allgemein&quot;","img":{"alt_text":"","src":"https:\/\/i0.wp.com\/kantilive.ch\/wp-content\/uploads\/2021\/09\/A76DEA0D-CE40-4CA6-80C0-7EBD49B79608.jpeg?fit=1200%2C800&ssl=1&resize=350%2C200","width":350,"height":200},"classes":[]}],"_links":{"self":[{"href":"https:\/\/kantilive.ch\/index.php\/wp-json\/wp\/v2\/posts\/2724"}],"collection":[{"href":"https:\/\/kantilive.ch\/index.php\/wp-json\/wp\/v2\/posts"}],"about":[{"href":"https:\/\/kantilive.ch\/index.php\/wp-json\/wp\/v2\/types\/post"}],"author":[{"embeddable":true,"href":"https:\/\/kantilive.ch\/index.php\/wp-json\/wp\/v2\/users\/40"}],"replies":[{"embeddable":true,"href":"https:\/\/kantilive.ch\/index.php\/wp-json\/wp\/v2\/comments?post=2724"}],"version-history":[{"count":13,"href":"https:\/\/kantilive.ch\/index.php\/wp-json\/wp\/v2\/posts\/2724\/revisions"}],"predecessor-version":[{"id":2763,"href":"https:\/\/kantilive.ch\/index.php\/wp-json\/wp\/v2\/posts\/2724\/revisions\/2763"}],"wp:featuredmedia":[{"embeddable":true,"href":"https:\/\/kantilive.ch\/index.php\/wp-json\/wp\/v2\/media\/2760"}],"wp:attachment":[{"href":"https:\/\/kantilive.ch\/index.php\/wp-json\/wp\/v2\/media?parent=2724"}],"wp:term":[{"taxonomy":"category","embeddable":true,"href":"https:\/\/kantilive.ch\/index.php\/wp-json\/wp\/v2\/categories?post=2724"},{"taxonomy":"post_tag","embeddable":true,"href":"https:\/\/kantilive.ch\/index.php\/wp-json\/wp\/v2\/tags?post=2724"}],"curies":[{"name":"wp","href":"https:\/\/api.w.org\/{rel}","templated":true}]}}