{"id":2729,"date":"2021-03-13T18:45:27","date_gmt":"2021-03-13T17:45:27","guid":{"rendered":"http:\/\/kantilive.ch\/?p=2729"},"modified":"2021-03-13T18:45:27","modified_gmt":"2021-03-13T17:45:27","slug":"mein-job-hat-mir-immer-gefallen-ein-interview-mit-uschi-nach-ihrer-pensionierung","status":"publish","type":"post","link":"https:\/\/kantilive.ch\/index.php\/2021\/03\/13\/mein-job-hat-mir-immer-gefallen-ein-interview-mit-uschi-nach-ihrer-pensionierung\/","title":{"rendered":"\u201eMein Job hat mir immer gefallen\u201c: ein Interview mit Uschi nach ihrer Pensionierung"},"content":{"rendered":"<p>Uschi, die gute Seele der Kanti, wurde am 26. Februar 2021 pensioniert. In diesem Videointerview erz\u00e4hlt sie uns von den Highlights, die sie w\u00e4hrend ihrer Zeit an der Kanti erlebte, von ihren Pl\u00e4nen f\u00fcr den Ruhestand und wie es sich anf\u00fchlt, nach so langer Zeit vom einen Tag auf den anderen nicht mehr an der Kanti zu sein.<\/p>\n<p>&nbsp;<\/p>\n<div class=\"jetpack-video-wrapper\"><span class=\"embed-youtube\" style=\"text-align:center; display: block;\"><iframe class='youtube-player' width='760' height='428' src='https:\/\/www.youtube.com\/embed\/dYXfjo5WgDY?version=3&#038;rel=1&#038;showsearch=0&#038;showinfo=1&#038;iv_load_policy=1&#038;fs=1&#038;hl=de-DE&#038;autohide=2&#038;wmode=transparent' allowfullscreen='true' style='border:0;' sandbox='allow-scripts allow-same-origin allow-popups allow-presentation'><\/iframe><\/span><\/div>\n<p>&nbsp;<\/p>\n","protected":false},"excerpt":{"rendered":"<p>Uschi, die gute Seele der Kanti, wurde am 26. Februar 2021 pensioniert. In diesem Videointerview erz\u00e4hlt sie uns von den Highlights, die sie w\u00e4hrend ihrer &hellip; <\/p>\n","protected":false},"author":29,"featured_media":2730,"comment_status":"closed","ping_status":"closed","sticky":false,"template":"","format":"standard","meta":{"spay_email":"","jetpack_publicize_message":"","jetpack_is_tweetstorm":false},"categories":[1],"tags":[],"jetpack_featured_media_url":"https:\/\/i1.wp.com\/kantilive.ch\/wp-content\/uploads\/2021\/03\/AC7704DD-2880-4CB7-A445-8B8FBC2DCC98-scaled.jpeg?fit=2560%2C1707&ssl=1","jetpack_publicize_connections":[],"jetpack_sharing_enabled":true,"jetpack_shortlink":"https:\/\/wp.me\/pav19Q-I1","jetpack-related-posts":[{"id":5215,"url":"https:\/\/kantilive.ch\/index.php\/2025\/02\/16\/rdfz2025\/","url_meta":{"origin":2729,"position":0},"title":"Kantitalk: Interview mit der Delegation aus China","date":"16. Februar 2025","format":false,"excerpt":"In der letzten zwei Wochen war eine Ver\u00e4nderung im Schulealltag zu beobachten: Im Gang der Schule waren deutlich mehr asiatische Gesichter zu sehen. Nach langer Zeit kamen wieder Austauschsch\u00fcler von der Renda Fuzhong, einem der besten Gymnasium in ganz China. Nat\u00fcrlich mussten wir diese Chance ergreifen, da viele von uns\u2026","rel":"","context":"In &quot;Allgemein&quot;","img":{"alt_text":"","src":"https:\/\/i0.wp.com\/kantilive.ch\/wp-content\/uploads\/2025\/02\/Screenshot-2025-02-16-120004.png?fit=1200%2C666&ssl=1&resize=350%2C200","width":350,"height":200},"classes":[]},{"id":4208,"url":"https:\/\/kantilive.ch\/index.php\/2022\/11\/25\/ja-ein-klitzekleines-woertchen\/","url_meta":{"origin":2729,"position":1},"title":"Ja - Ein klitzekleines W\u00f6rtchen","date":"25. November 2022","format":false,"excerpt":"F\u00fcr die rund 100 Teilnehmenden am diesj\u00e4hrigen Schreibwettbewerb an der Kantonsschule am Burggraben war es viel mehr als das. \u00dcber Tage, wenn nicht Wochen haben sie sich mit genau diesem\u00a0klitzekleinen W\u00f6rtchen auseinandergesetzt. Finn Bogdan erz\u00e4hlt von der Preisverleihung. \u00a0 Dieses Jahr konnte der Schreibwettbewerb unter dem Patronat der Studienstiftung wieder\u2026","rel":"","context":"In &quot;Vergangene Events&quot;","img":{"alt_text":"","src":"https:\/\/i1.wp.com\/kantilive.ch\/wp-content\/uploads\/2022\/11\/IMG_2655-scaled.jpeg?fit=1200%2C1024&ssl=1&resize=350%2C200","width":350,"height":200},"classes":[]},{"id":2168,"url":"https:\/\/kantilive.ch\/index.php\/2020\/10\/29\/michael-luetolf-die-schule-muesste-einen-groesseren-schritt-richtung-interdisziplinaritaet-machen\/","url_meta":{"origin":2729,"position":2},"title":"Michael L\u00fctolf: \u201eDie Schule m\u00fcsste einen gr\u00f6sseren Schritt Richtung Interdisziplinarit\u00e4t machen\u201c","date":"29. Oktober 2020","format":false,"excerpt":"Big News! Endlich haben wir erfahren, wer ab August 2021 unser neuer Rektor sein wird: Michael L\u00fctolf, der bisherige Prorektor der mathematisch- naturwissenschaftlichen Abteilung. Als Nachfolger von Herrn K\u00f6nig, der nach 14-j\u00e4hriger Amtszeit nun seinen Posten abgibt und in den Ruhestand tritt, wird er sein Amt \u00fcbernehmen. Um unseren zuk\u00fcnftigen\u2026","rel":"","context":"In &quot;Personen&quot;","img":{"alt_text":"","src":"https:\/\/i0.wp.com\/kantilive.ch\/wp-content\/uploads\/2020\/10\/4A7C3C42-0FBD-41E9-BA16-54D5F425D36B.jpeg?fit=1140%2C390&ssl=1&resize=350%2C200","width":350,"height":200},"classes":[]},{"id":1096,"url":"https:\/\/kantilive.ch\/index.php\/2019\/10\/29\/die-ksbg-geht-nach-sion\/","url_meta":{"origin":2729,"position":3},"title":"Die KSBG geht nach Sion","date":"29. Oktober 2019","format":false,"excerpt":"Wie schon alle mitbekommen haben, geht die ganze Schule im n\u00e4chsten Semester im Mai nach Sion. Wir wollten Genaueres \u00fcber die Schulreise wissen und haben unseren Rektor Marc K\u00f6nig ausgefragt. Da die Meinung der Sch\u00fclerinnen und Sch\u00fcler an unserer Schule von grosser Bedeutung ist, ergriffen wir die M\u00f6glichkeit und stellten\u2026","rel":"","context":"In &quot;Allgemein&quot;","img":{"alt_text":"","src":"","width":0,"height":0},"classes":[]},{"id":4158,"url":"https:\/\/kantilive.ch\/index.php\/2022\/06\/11\/rock-im-hof-fuer-viele-das-letzte-konzert\/","url_meta":{"origin":2729,"position":4},"title":"Rock im Hof: f\u00fcr viele das letzte Konzert.","date":"11. Juni 2022","format":false,"excerpt":"Am Freitag war das letzte Konzert an der Kantonsschule f\u00fcr dieses Schuljahr: Das \"Rock im Hof\"! Und leider war es auch das letzte Konzert f\u00fcr die Bands der Viertkl\u00e4ssler:innen. Wir haben mit \"Leftover\", einer eben dieser Bands, gesprochen und sie zu ihrer Zeit als Band befragt. \u00a0 Das \"Rock am\u2026","rel":"","context":"In &quot;Infos \/ Events&quot;","img":{"alt_text":"","src":"https:\/\/i0.wp.com\/kantilive.ch\/wp-content\/uploads\/2022\/06\/Rock-im-Hof-2022.jpg?fit=555%2C310&ssl=1&resize=350%2C200","width":350,"height":200},"classes":[]},{"id":1359,"url":"https:\/\/kantilive.ch\/index.php\/2020\/03\/04\/folgt-der-grosse-umbruch\/","url_meta":{"origin":2729,"position":5},"title":"Folgt der grosse Umbruch?","date":"4. M\u00e4rz 2020","format":false,"excerpt":"Immer wieder kommen einem an der Kanti Ger\u00fcchte zu Ohren, die von einer eventuellen Neustrukturierung der Schwerpunkte berichten. In letzter Zeit haben diese Ger\u00fcchte allerdings immer mehr den Charakter handfester \u00dcberlegungen angenommen. \u00a0 Aktuell sind Freif\u00e4cher und Erg\u00e4nzungsf\u00e4cher die einzigen Gef\u00e4sse, in denen der Klassenverbund aufgel\u00f6st wird und der Unterricht\u2026","rel":"","context":"In &quot;Allgemein&quot;","img":{"alt_text":"","src":"","width":0,"height":0},"classes":[]}],"_links":{"self":[{"href":"https:\/\/kantilive.ch\/index.php\/wp-json\/wp\/v2\/posts\/2729"}],"collection":[{"href":"https:\/\/kantilive.ch\/index.php\/wp-json\/wp\/v2\/posts"}],"about":[{"href":"https:\/\/kantilive.ch\/index.php\/wp-json\/wp\/v2\/types\/post"}],"author":[{"embeddable":true,"href":"https:\/\/kantilive.ch\/index.php\/wp-json\/wp\/v2\/users\/29"}],"replies":[{"embeddable":true,"href":"https:\/\/kantilive.ch\/index.php\/wp-json\/wp\/v2\/comments?post=2729"}],"version-history":[{"count":6,"href":"https:\/\/kantilive.ch\/index.php\/wp-json\/wp\/v2\/posts\/2729\/revisions"}],"predecessor-version":[{"id":2736,"href":"https:\/\/kantilive.ch\/index.php\/wp-json\/wp\/v2\/posts\/2729\/revisions\/2736"}],"wp:featuredmedia":[{"embeddable":true,"href":"https:\/\/kantilive.ch\/index.php\/wp-json\/wp\/v2\/media\/2730"}],"wp:attachment":[{"href":"https:\/\/kantilive.ch\/index.php\/wp-json\/wp\/v2\/media?parent=2729"}],"wp:term":[{"taxonomy":"category","embeddable":true,"href":"https:\/\/kantilive.ch\/index.php\/wp-json\/wp\/v2\/categories?post=2729"},{"taxonomy":"post_tag","embeddable":true,"href":"https:\/\/kantilive.ch\/index.php\/wp-json\/wp\/v2\/tags?post=2729"}],"curies":[{"name":"wp","href":"https:\/\/api.w.org\/{rel}","templated":true}]}}