{"id":399,"date":"2019-02-21T19:24:34","date_gmt":"2019-02-21T18:24:34","guid":{"rendered":"http:\/\/kantilive.ch\/?p=399"},"modified":"2019-03-04T11:48:11","modified_gmt":"2019-03-04T10:48:11","slug":"jugend-macht-politik-fuer-morgen","status":"publish","type":"post","link":"https:\/\/kantilive.ch\/index.php\/2019\/02\/21\/jugend-macht-politik-fuer-morgen\/","title":{"rendered":"Jugend macht Politik f\u00fcr morgen"},"content":{"rendered":"<p><span style=\"color: #808080;\"><em>(Bild: parlament.ch) <\/em><\/span><\/p>\n<p>Politik ist langweilig: Gesetze entstehen nur langsam. Zu langsam f\u00fcr viele Junge. Und dann denken die \u00c4lteren, dass sich Junge nicht f\u00fcr Politik interessieren. Doch die Klimastreik-Bewegung zeigt: Die Jugend denkt sehr wohl politisch. Und ihr liegt die Zukunft am Herzen. Ein Kommentar dazu:<!--more--><\/p>\n<p>Seit einigen Wochen zeigen Umweltaktivisten in ganz Europa wie die Jugend sich politisiert\u2013 auch an der KSBG. Am 18. Dezember 2018 kam es zum ersten Klimastreik in St. Gallen. Damals versammelten sich ca. 300 Sch\u00fcler vor dem Altbau und blieben dem Unterricht fern, um auf ihr Anliegen aufmerksam zu machen. Sie fordern den Klimanotstand. Nur eineinhalb Monate sp\u00e4ter marschierten mehr als 800 Personen durch die Stadt St. Gallen. Am Samstag, dem 2. Februar 2019, wurde aus dem Klimastreik eine nationale Klimademo. In der ganzen Schweiz waren an diesem Tag sch\u00e4tzungsweise 60&#8217;000 Menschen f\u00fcr die Bewegung auf der Strasse.<\/p>\n<p>Die Geschwindigkeit, in der die Protestaktionen beworben wurden, hat im Parlament f\u00fcr Aufruhr gesorgt. Den Generationen Y &amp; Z wird immer wieder politisches Desinteresse und Faulheit vorgeworfen, doch innerhalb ein paar Wochen konnten wenige Organisatoren unz\u00e4hligen Menschen Treffpunkt, Zweck, Ablauf, Route etc. kommunizieren. Die Veranstaltungen waren milit\u00e4risch genau durchgeplant. Die ersten Streiks wurden von den Organisatoren der jeweiligen St\u00e4dte selbst koordiniert. Sp\u00e4ter wurden an einer interkantonalen Konferenz der Organisatoren das weitere Vorgehen bestimmt.<\/p>\n<p>Von n\u00e4herem betrachtet stellen diese Organisatoren die Exekutive der Klimabewegung dar. Die Streikenden selbst widerspiegeln die Legislative. An den einzelnen Demos trugen gewisse Teilnehmer spontan vor, was man alles machen sollte, um den Klimawandel zu bek\u00e4mpfen. Es sind Vorschl\u00e4ge \u00e4hnlich wie man sie im National- und St\u00e4nderat h\u00f6ren kann.<\/p>\n<p>Man kann feststellen: Die Politiker von morgen sind heute auf der Strasse. Sie konfrontieren grosse Menschenmengen innerhalb kurzer Zeit mit einem politischen Thema und fordern eine Meinungs\u00e4usserung. \u00c4hnlich wie der Gang an die Urne. Sie stehen klar hinter ihrer Meinung, auch wenn sie sich nicht immer ganz so eloquent ausdr\u00fccken.<\/p>\n<p>Fakt ist, sie haben sich Zeit genommen f\u00fcr die Politik. Sie vertreten ihr Anliegen und sie engagieren sich. Diese Menschen werden in Zukunft in den Parlamenten sitzen und dort Politik f\u00fchren. Und sie werden sich dort Zeit nehmen f\u00fcr die Politik unserer Nation, genauso wie jetzt schon. Die Frage, die offen bleibt: Findet die Politik von morgen noch in prunkvollen S\u00e4len statt oder schon auf der Strasse?<\/p>\n","protected":false},"excerpt":{"rendered":"<p>(Bild: parlament.ch) Politik ist langweilig: Gesetze entstehen nur langsam. Zu langsam f\u00fcr viele Junge. Und dann denken die \u00c4lteren, dass sich Junge nicht f\u00fcr Politik &hellip; <\/p>\n","protected":false},"author":8,"featured_media":395,"comment_status":"closed","ping_status":"closed","sticky":false,"template":"","format":"standard","meta":{"spay_email":"","jetpack_publicize_message":"","jetpack_is_tweetstorm":false},"categories":[5,66],"tags":[47],"jetpack_featured_media_url":"https:\/\/i0.wp.com\/kantilive.ch\/wp-content\/uploads\/2019\/02\/Parlament.jpg?fit=2000%2C1333&ssl=1","jetpack_publicize_connections":[],"jetpack_sharing_enabled":true,"jetpack_shortlink":"https:\/\/wp.me\/pav19Q-6r","jetpack-related-posts":[{"id":4810,"url":"https:\/\/kantilive.ch\/index.php\/2023\/12\/17\/politiktag\/","url_meta":{"origin":399,"position":0},"title":"Politiktag","date":"17. Dezember 2023","format":false,"excerpt":"Am Politiktag des 20. Novembers wurde dar\u00fcber diskutiert, ob K\u00fcnstliche Intelligenz in der Politik verwendet werden darf und ob man dies kennzeichnen muss. Viele von euch haben wahrscheinlich eure Hausaufgaben mit ChatGPT erstellt, k\u00f6nnt ihr also erraten welcher Text von ChatGPT und welcher Text von mir geschrieben worden ist? Am\u2026","rel":"","context":"In &quot;Politik&quot;","img":{"alt_text":"","src":"https:\/\/i0.wp.com\/kantilive.ch\/wp-content\/uploads\/2023\/12\/BildPolitiktag.png?fit=1200%2C797&ssl=1&resize=350%2C200","width":350,"height":200},"classes":[]},{"id":2768,"url":"https:\/\/kantilive.ch\/index.php\/2021\/04\/03\/leere-versprechungen-reichen-nun-einfach-nicht-mehr-aus-st-galler-klimastreikende-lassen-ihrer-wut-luft\/","url_meta":{"origin":399,"position":1},"title":"\"Leere Versprechungen reichen nun einfach nicht mehr aus!\" - St.Galler Klimastreikende machen ihrem \u00c4rger Luft","date":"3. April 2021","format":false,"excerpt":"Anna Miotto ist h\u00e4ssig - und damit ist sie nicht alleine. Unter dem Motto #NoMoreEmptyPromises streikten am 19. M\u00e4rz etliche Aktivist*innen auf der ganzen Welt und forderten die Politik damit zum Handeln auf. So auch in St. Gallen. \"Ich weiss nicht wie\u2019s euch geht, aber es macht mich so verdammt\u2026","rel":"","context":"In &quot;Politik&quot;","img":{"alt_text":"","src":"https:\/\/i1.wp.com\/kantilive.ch\/wp-content\/uploads\/2021\/03\/D0961252-06F1-444F-B67B-2AB8C16DC01C.jpeg?fit=975%2C731&ssl=1&resize=350%2C200","width":350,"height":200},"classes":[]},{"id":504,"url":"https:\/\/kantilive.ch\/index.php\/2019\/03\/12\/von-der-demonstration-ans-podium\/","url_meta":{"origin":399,"position":2},"title":"Von der Demonstration ans Podium","date":"12. M\u00e4rz 2019","format":false,"excerpt":"(Bild: unsplash.com) Die Klimastreiks der vergangenen Monate geben Anlass zu Diskussionen. So auch am 15.02.2019, als in der Grabenhalle von der Politgruppe der eben dieser und dem Kollektiv Klimastreik Ostschweiz zur Podiumsdiskussion geladen wurde. Knapp zwei Stunden, die wie im Flug vergingen. Freitag, halb acht abends. Die Grabenhalle f\u00fcllt sich\u2026","rel":"","context":"In &quot;Politik&quot;","img":{"alt_text":"","src":"https:\/\/i0.wp.com\/kantilive.ch\/wp-content\/uploads\/2019\/03\/Podiumsdiskussion_Klima.jpeg?fit=750%2C500&ssl=1&resize=350%2C200","width":350,"height":200},"classes":[]},{"id":1324,"url":"https:\/\/kantilive.ch\/index.php\/2020\/02\/29\/1324\/","url_meta":{"origin":399,"position":3},"title":"\u201eFreiheit \u2013 das wichtigste Gut unserer Eidgenossenschaft\u201c","date":"29. Februar 2020","format":false,"excerpt":"(Bild: Oliver Wick) Name: Oliver Wick Klasse: 3hW Lieblingsbesch\u00e4ftigung: Ski fahren Partei: Jungfreisinnige (Junge FDP) Berufsziel: Pilot Wann hast du dich dazu entschieden, selbst politisch aktiv zu werden? Warum?\u00a0 Mit dem Aufkommen der Klimabewegung habe ich mich bewusst dazu entschieden, politisch aktiv zu werden. Mir wurde bewusst, dass wenn man\u2026","rel":"","context":"In &quot;Personen&quot;","img":{"alt_text":"","src":"https:\/\/i0.wp.com\/kantilive.ch\/wp-content\/uploads\/2020\/02\/Kantonsrat_Oliver.png?fit=492%2C737&ssl=1&resize=350%2C200","width":350,"height":200},"classes":[]},{"id":998,"url":"https:\/\/kantilive.ch\/index.php\/2019\/09\/16\/filme-fuer-die-erde-ein-fest-fuer-das-leben\/","url_meta":{"origin":399,"position":4},"title":"Filme f\u00fcr die Erde: Ein Fest f\u00fcr das Leben","date":"16. September 2019","format":false,"excerpt":"Quelle: https:\/\/filmsfortheearth.org\/de\/ Wenn man das Wort Filmfestival h\u00f6rt, kommen einem Glamour und Hollywood in den Sinn. Man kann sich fliessende Kleider, blinkende Kameras und den roten Teppich vorstellen. Doch Filme f\u00fcr die Erde hat dies neu definiert. J\u00e4hrlich findet in mehreren St\u00e4dten und L\u00e4ndern ein st\u00e4ndig wachsendes Filmfestival von immenser\u2026","rel":"","context":"In &quot;Infos \/ Events&quot;","img":{"alt_text":"","src":"https:\/\/i1.wp.com\/kantilive.ch\/wp-content\/uploads\/2019\/09\/FBE8C2E2-82D3-45D0-99C0-7D03E6D9B4B5.jpeg?fit=1200%2C765&ssl=1&resize=350%2C200","width":350,"height":200},"classes":[]},{"id":632,"url":"https:\/\/kantilive.ch\/index.php\/2019\/05\/14\/um-3-uhr-morgens-mit-180-km-h-ueber-die-autobahn-und-was-das-mit-der-st-galler-drogenpolitik-zu-tun-haben-soll\/","url_meta":{"origin":399,"position":5},"title":"Um 3 Uhr morgens mit 180 km\/h \u00fcber die Autobahn \u2013 und was das mit der St. Galler Drogenpolitik zu tun haben soll","date":"14. Mai 2019","format":false,"excerpt":"(Bild: Ona Bosshard) Das EF Politik hat eine Podiumsdiskussion zur Drogenpolitik organisiert. Gestritten wurde \u00fcber diese Frage: \u00abIst St. Gallen mit einer Liberalisierung der Drogenpolitik auf dem richtigen Weg?\u00bb Wenn es nach Toni Thoma (SVP) ginge, hielte die Kantonsregierung an einem strengeren Reglement fest, als es momentan der Fall ist.\u2026","rel":"","context":"In &quot;Politik&quot;","img":{"alt_text":"","src":"https:\/\/i2.wp.com\/kantilive.ch\/wp-content\/uploads\/2019\/05\/Podiumsdiskussion_2.jpg?fit=1200%2C685&ssl=1&resize=350%2C200","width":350,"height":200},"classes":[]}],"_links":{"self":[{"href":"https:\/\/kantilive.ch\/index.php\/wp-json\/wp\/v2\/posts\/399"}],"collection":[{"href":"https:\/\/kantilive.ch\/index.php\/wp-json\/wp\/v2\/posts"}],"about":[{"href":"https:\/\/kantilive.ch\/index.php\/wp-json\/wp\/v2\/types\/post"}],"author":[{"embeddable":true,"href":"https:\/\/kantilive.ch\/index.php\/wp-json\/wp\/v2\/users\/8"}],"replies":[{"embeddable":true,"href":"https:\/\/kantilive.ch\/index.php\/wp-json\/wp\/v2\/comments?post=399"}],"version-history":[{"count":9,"href":"https:\/\/kantilive.ch\/index.php\/wp-json\/wp\/v2\/posts\/399\/revisions"}],"predecessor-version":[{"id":414,"href":"https:\/\/kantilive.ch\/index.php\/wp-json\/wp\/v2\/posts\/399\/revisions\/414"}],"wp:featuredmedia":[{"embeddable":true,"href":"https:\/\/kantilive.ch\/index.php\/wp-json\/wp\/v2\/media\/395"}],"wp:attachment":[{"href":"https:\/\/kantilive.ch\/index.php\/wp-json\/wp\/v2\/media?parent=399"}],"wp:term":[{"taxonomy":"category","embeddable":true,"href":"https:\/\/kantilive.ch\/index.php\/wp-json\/wp\/v2\/categories?post=399"},{"taxonomy":"post_tag","embeddable":true,"href":"https:\/\/kantilive.ch\/index.php\/wp-json\/wp\/v2\/tags?post=399"}],"curies":[{"name":"wp","href":"https:\/\/api.w.org\/{rel}","templated":true}]}}