{"id":4275,"date":"2023-02-11T14:18:25","date_gmt":"2023-02-11T13:18:25","guid":{"rendered":"http:\/\/kantilive.ch\/?p=4275"},"modified":"2023-02-11T14:18:25","modified_gmt":"2023-02-11T13:18:25","slug":"gefangen-in-der-schule-ohne-netz","status":"publish","type":"post","link":"https:\/\/kantilive.ch\/index.php\/2023\/02\/11\/gefangen-in-der-schule-ohne-netz\/","title":{"rendered":"Gefangen in der Schule ohne Netz"},"content":{"rendered":"<p><strong>Was w\u00e4re, wenn um 7.40 Uhr der Strom abgeschaltet w\u00fcrde? Am Mittwoch 25. Januar haben wir (wohl) alle die Folgen des simulierten Stromausfalles miterlebt. Keine Internetverbindung, kein Licht, kein Strom\u2026 ein Weltuntergang? <\/strong><strong><em>Wir haben dazu einige Sch\u00fcler\/innen befragt:<\/em><\/strong><\/p>\n<p><em><strong>Welche schulische Einrichtung braucht am meisten Strom? <\/strong><\/em><\/p>\n<p>Diese Frage stellten wir einer Gruppe 4. Kl\u00e4ssler:innen der 4_bLI. Deren Antwort lautete wie folgend: \u00abDie Beleuchtung der G\u00e4nge von morgens bis abends ben\u00f6tigt nach unseren Meinungen eine Menge Energie, sowie auch die Turnhallenbeleuchtungen, aber auch der Anteil Strom f\u00fcr Experimente im Chemielabor.<\/p>\n<p><strong><em>Und wie w\u00e4re es nun, wenn das Stromsystem zusammenkracht und wir keinen Strom mehr haben?<\/em><\/strong><\/p>\n<p>Nach Abfall der Netzfrequenz fiel f\u00fcr die meisten Bewohner des Landes Pakistan f\u00fcr Stunden der Strom aus. Dort kommen Stromausf\u00e4lle h\u00e4ufig vor. Wie s\u00e4he bei uns ein Leben ohne Strom aus? Chawa aus der 2. Klasse vermutet, dass es Jahrzehnten brauchen w\u00fcrde, um sich an das Leben ohne Strom anzupassen. \u00abWir m\u00fcssen das erreichte Wissen wieder neu ohne Elektrizit\u00e4t aufbauen.\u00bb<\/p>\n<p>Mit Strom ist unser Leben leichter, aber ohne Strom k\u00f6nnen simple Alltagsressourcen wie Toilettenpapier oder Toastbrot nur im Schneckentempo und in kleinerer Anzahl produziert. Die Zeit steht still.<\/p>\n<p>Wir haben mit dem Leiter des Technischen Hausdienstes Stephan Avesani an unserer Schule einen Interview gehalten und konnten wertvolle Informationen bzw. Meinungen ergattern.<\/p>\n<p>Im Jahre 2021 betrug der Stromgebrauch \u00a0der Kantonsschule am Burggraben um die 670&#8217;000 kW. Ab Oktober 2022 wurde die Gas und \u00d6l Energie der Schule abgeschafft.<\/p>\n<p><img data-attachment-id=\"4277\" data-permalink=\"https:\/\/kantilive.ch\/index.php\/2023\/02\/11\/gefangen-in-der-schule-ohne-netz\/strommast\/\" data-orig-file=\"https:\/\/i1.wp.com\/kantilive.ch\/wp-content\/uploads\/2023\/02\/strommast.jpg?fit=449%2C337&amp;ssl=1\" data-orig-size=\"449,337\" data-comments-opened=\"0\" data-image-meta=\"{&quot;aperture&quot;:&quot;0&quot;,&quot;credit&quot;:&quot;&quot;,&quot;camera&quot;:&quot;&quot;,&quot;caption&quot;:&quot;&quot;,&quot;created_timestamp&quot;:&quot;0&quot;,&quot;copyright&quot;:&quot;&quot;,&quot;focal_length&quot;:&quot;0&quot;,&quot;iso&quot;:&quot;0&quot;,&quot;shutter_speed&quot;:&quot;0&quot;,&quot;title&quot;:&quot;&quot;,&quot;orientation&quot;:&quot;0&quot;}\" data-image-title=\"strommast\" data-image-description=\"\" data-medium-file=\"https:\/\/i1.wp.com\/kantilive.ch\/wp-content\/uploads\/2023\/02\/strommast.jpg?fit=300%2C225&amp;ssl=1\" data-large-file=\"https:\/\/i1.wp.com\/kantilive.ch\/wp-content\/uploads\/2023\/02\/strommast.jpg?fit=449%2C337&amp;ssl=1\" decoding=\"async\" loading=\"lazy\" class=\"alignnone size-full wp-image-4277\" src=\"https:\/\/i1.wp.com\/kantilive.ch\/wp-content\/uploads\/2023\/02\/strommast.jpg?resize=449%2C337\" alt=\"\" width=\"449\" height=\"337\" srcset=\"https:\/\/i1.wp.com\/kantilive.ch\/wp-content\/uploads\/2023\/02\/strommast.jpg?w=449&amp;ssl=1 449w, https:\/\/i1.wp.com\/kantilive.ch\/wp-content\/uploads\/2023\/02\/strommast.jpg?resize=300%2C225&amp;ssl=1 300w\" sizes=\"(max-width: 449px) 100vw, 449px\" data-recalc-dims=\"1\" \/><\/p>\n<p><strong><em>Wo k\u00f6nnte man Strom bzw. Energie sparen?<\/em><\/strong><\/p>\n<p>Nach seinen Angaben lassen Sch\u00fcler, welche draussen am Eingang stehen, durch die offene T\u00fcr geheizte Luft in die K\u00e4lte. Das Heizungskraftwerk muss immer nachheizen. Es w\u00e4re stromsparender, wenn mindestens f\u00fcnf Meter Abstand vom Eingang eingehalten werden w\u00fcrde, damit die Automatische T\u00fcr sich schliessen kann.<\/p>\n<p>Zudem kostetet es viel Energie, wenn Sch\u00fcler in der Schule ihre Ger\u00e4te laden, denn dies ist einer der gr\u00f6ssten Stromverbrauchsquellen unserer Schule.<\/p>\n<p>Zudem k\u00f6nnte man in den 20 min Pausen das Licht in Zimmern abschalten. Unsere Fachperson Stephan Avesani findet den Blackout-Day ein gutes Erlebnis f\u00fcr einen ersten Eindruck. Die Anlagen abzuschalten und daraufhin von ihrem gek\u00fchlten Zustand anzuschalten kostet mehr Energie als ein konstantes Temperaturverh\u00e4ltnis von 21\u00b0C.<\/p>\n<p><strong><em>Wie k\u00f6nnte man dies beheben?<\/em><\/strong><\/p>\n<p>Die Computerhersteller sollten versuchen bei der Herstellung der Computer den Strom zu sparen und sobald die Kernfusion gelingt, w\u00e4re dies auch ein gutes Ersatz.<\/p>\n<p>Ganz ohne Strom w\u00e4ren wir aufgeschmissen.<\/p>\n<p>Und einer der Befragten best\u00e4tigte dies mit: &#8220;Es wird einfach anders&#8221;<\/p>\n<p>&nbsp;<\/p>\n<p>&nbsp;<\/p>\n<p>&nbsp;<\/p>\n<p>&nbsp;<\/p>\n<p>&nbsp;<\/p>\n<p><strong>Quellen der Bilder:<\/strong><\/p>\n<p><a href=\"http:\/\/www.berlin.ch\">www.berlin.ch<\/a><\/p>\n<p><a href=\"http:\/\/www.ksbg.ch\">www.ksbg.ch<\/a><\/p>\n<p>&nbsp;<\/p>\n<p><strong>Quelle dieses Textteiles:<\/strong><\/p>\n<p>\u00abNach Abfall der Netzfrequenz fiel f\u00fcr die meisten Bewohner des Landes Pakistan f\u00fcr Stunden der Strom aus\u00bb<\/p>\n<p><a href=\"https:\/\/de.wikipedia.org\/wiki\/Liste_historischer_Stromausf%C3%A4lle\">Liste historischer Stromausf\u00e4lle \u2013 Wikipedia<\/a><\/p>\n","protected":false},"excerpt":{"rendered":"<p>Was w\u00e4re, wenn um 7.40 Uhr der Strom abgeschaltet w\u00fcrde? Am Mittwoch 25. Januar haben wir (wohl) alle die Folgen des simulierten Stromausfalles miterlebt. Keine &hellip; <\/p>\n","protected":false},"author":62,"featured_media":4276,"comment_status":"closed","ping_status":"closed","sticky":false,"template":"","format":"standard","meta":{"spay_email":"","jetpack_publicize_message":"","jetpack_is_tweetstorm":false},"categories":[63],"tags":[301,300],"jetpack_featured_media_url":"https:\/\/i2.wp.com\/kantilive.ch\/wp-content\/uploads\/2023\/02\/Schulekanti.jpg?fit=385%2C217&ssl=1","jetpack_publicize_connections":[],"jetpack_sharing_enabled":true,"jetpack_shortlink":"https:\/\/wp.me\/pav19Q-16X","jetpack-related-posts":[{"id":4266,"url":"https:\/\/kantilive.ch\/index.php\/2023\/01\/26\/candlelight-fruehstueck-oder-doch-nur-der-blackout-day\/","url_meta":{"origin":4275,"position":0},"title":"Candlelight Fr\u00fchst\u00fcck \u2013 oder doch nur der Blackout-Day","date":"26. Januar 2023","format":false,"excerpt":"Als am Mittwochmorgen der Tag ohne Strom begann, gab es einige, nicht nur positive Reaktionen der Sch\u00fcler. Um uns eine \u00dcbersicht zu machen, interviewten wir einige Sch\u00fcler zu ihren Erlebnissen am 25. Januar. Diese Aktion wurde von der Klimaschule organisiert und den Sch\u00fcler*innen wurde nicht gesagt, wann der Blackout-Day sein\u2026","rel":"","context":"In &quot;Allgemein&quot;","img":{"alt_text":"","src":"https:\/\/i1.wp.com\/kantilive.ch\/wp-content\/uploads\/2023\/01\/Bild1-1.jpg?fit=423%2C318&ssl=1&resize=350%2C200","width":350,"height":200},"classes":[]},{"id":1481,"url":"https:\/\/kantilive.ch\/index.php\/2020\/03\/27\/fernunterricht-in-der-fachgruppe-physik\/","url_meta":{"origin":4275,"position":1},"title":"Fernunterricht in der Fachgruppe Physik","date":"27. M\u00e4rz 2020","format":false,"excerpt":"Fachgruppenvorsitzender der Fachgruppe Physik ist Daniel M\u00fcggler. Er hat sich unseren Fragen gestellt. Haben Sie eine allgemeine Herangehensweise f\u00fcr Ihre Fachgruppe vorgeschrieben? Wenn ja, welche w\u00e4re das? (Direkter Austausch, Arbeitsauftr\u00e4ge etc.) Es besteht keine Vorschrift innerhalb der Fachgruppe; eine solche w\u00fcrde wohl auch der gesetzlich gegebenen Methodenfreiheit widersprechen. Um unsere\u2026","rel":"","context":"In &quot;Allgemein&quot;","img":{"alt_text":"","src":"","width":0,"height":0},"classes":[]},{"id":3534,"url":"https:\/\/kantilive.ch\/index.php\/2021\/12\/13\/weihnachtsferien-countdown-5\/","url_meta":{"origin":4275,"position":2},"title":"Weihnachtsferien-Countdown: 5","date":"13. Dezember 2021","format":false,"excerpt":"Wir alle z\u00e4hlen wohl die Tage bis zu den Weihnachtsferien! Vielleicht hilft dieser Weihnachtsferien-Countdown, die Wartezeit ein bisschen zu verk\u00fcrzen. Heute haben wir f\u00fcr euch einen Vorschlag, wie ihr euch selbst, eure Freunde und Familie mit einer Leckerei verw\u00f6hnen k\u00f6nnt. Lichterketten-Kekse Wissenswertes \u00fcber Lichterketten: Der Werbespruch f\u00fcr die ersten Lichterketten\u2026","rel":"","context":"In &quot;Adventskalender&quot;","img":{"alt_text":"","src":"https:\/\/i1.wp.com\/kantilive.ch\/wp-content\/uploads\/2021\/12\/525603CF-9CE0-4486-A231-07E358EE3724-scaled.jpeg?fit=1200%2C736&ssl=1&resize=350%2C200","width":350,"height":200},"classes":[]},{"id":4315,"url":"https:\/\/kantilive.ch\/index.php\/2023\/08\/17\/sollen-wir-wirklich-laenger-schlafen\/","url_meta":{"origin":4275,"position":3},"title":"Sollen wir wirklich l\u00e4nger schlafen?","date":"17. August 2023","format":false,"excerpt":"Schlafen ist eine der wichtigsten Sache im Leben, neben Essen und Trinken. Wir wissen alle, wie wichtig es ist, und wenn man dies nicht selbst gewusst hat, wurden wir immer von den Eltern darauf hingewiesen. Ist es aber wirklich so, dass wenn man l\u00e4nger schl\u00e4ft, man sich wacher und besser\u2026","rel":"","context":"In &quot;Allgemein&quot;","img":{"alt_text":"","src":"https:\/\/i1.wp.com\/kantilive.ch\/wp-content\/uploads\/2023\/08\/alarm-alarm-clock-bed-bedroom.jpg?fit=910%2C607&ssl=1&resize=350%2C200","width":350,"height":200},"classes":[]},{"id":1768,"url":"https:\/\/kantilive.ch\/index.php\/2020\/04\/27\/rekrutenschule-waehrend-dem-lockdown\/","url_meta":{"origin":4275,"position":4},"title":"Rekrutenschule w\u00e4hrend dem Lockdown","date":"27. April 2020","format":false,"excerpt":"Bild: mediathek.amdin.ch R.M* absolviert derzeit die Rekrutenschule bei der Stabskompanie in Herisau. Anl\u00e4sslich seines ersten Heimurlaubes seit sechs Wochen gab er Auskunft \u00fcber seine Zeit bis dato. Zum heutigem Zeitpunkt befindet er sich in der 15. Woche und hat hautnah miterlebt, wie der neue Corona-Virus den Alltag w\u00e4hrend seiner Dienstzeit\u2026","rel":"","context":"In &quot;Corona&quot;","img":{"alt_text":"","src":"https:\/\/i0.wp.com\/kantilive.ch\/wp-content\/uploads\/2020\/04\/7128_172.jpg?fit=1200%2C800&ssl=1&resize=350%2C200","width":350,"height":200},"classes":[]},{"id":2168,"url":"https:\/\/kantilive.ch\/index.php\/2020\/10\/29\/michael-luetolf-die-schule-muesste-einen-groesseren-schritt-richtung-interdisziplinaritaet-machen\/","url_meta":{"origin":4275,"position":5},"title":"Michael L\u00fctolf: \u201eDie Schule m\u00fcsste einen gr\u00f6sseren Schritt Richtung Interdisziplinarit\u00e4t machen\u201c","date":"29. Oktober 2020","format":false,"excerpt":"Big News! Endlich haben wir erfahren, wer ab August 2021 unser neuer Rektor sein wird: Michael L\u00fctolf, der bisherige Prorektor der mathematisch- naturwissenschaftlichen Abteilung. Als Nachfolger von Herrn K\u00f6nig, der nach 14-j\u00e4hriger Amtszeit nun seinen Posten abgibt und in den Ruhestand tritt, wird er sein Amt \u00fcbernehmen. Um unseren zuk\u00fcnftigen\u2026","rel":"","context":"In &quot;Personen&quot;","img":{"alt_text":"","src":"https:\/\/i0.wp.com\/kantilive.ch\/wp-content\/uploads\/2020\/10\/4A7C3C42-0FBD-41E9-BA16-54D5F425D36B.jpeg?fit=1140%2C390&ssl=1&resize=350%2C200","width":350,"height":200},"classes":[]}],"_links":{"self":[{"href":"https:\/\/kantilive.ch\/index.php\/wp-json\/wp\/v2\/posts\/4275"}],"collection":[{"href":"https:\/\/kantilive.ch\/index.php\/wp-json\/wp\/v2\/posts"}],"about":[{"href":"https:\/\/kantilive.ch\/index.php\/wp-json\/wp\/v2\/types\/post"}],"author":[{"embeddable":true,"href":"https:\/\/kantilive.ch\/index.php\/wp-json\/wp\/v2\/users\/62"}],"replies":[{"embeddable":true,"href":"https:\/\/kantilive.ch\/index.php\/wp-json\/wp\/v2\/comments?post=4275"}],"version-history":[{"count":1,"href":"https:\/\/kantilive.ch\/index.php\/wp-json\/wp\/v2\/posts\/4275\/revisions"}],"predecessor-version":[{"id":4280,"href":"https:\/\/kantilive.ch\/index.php\/wp-json\/wp\/v2\/posts\/4275\/revisions\/4280"}],"wp:featuredmedia":[{"embeddable":true,"href":"https:\/\/kantilive.ch\/index.php\/wp-json\/wp\/v2\/media\/4276"}],"wp:attachment":[{"href":"https:\/\/kantilive.ch\/index.php\/wp-json\/wp\/v2\/media?parent=4275"}],"wp:term":[{"taxonomy":"category","embeddable":true,"href":"https:\/\/kantilive.ch\/index.php\/wp-json\/wp\/v2\/categories?post=4275"},{"taxonomy":"post_tag","embeddable":true,"href":"https:\/\/kantilive.ch\/index.php\/wp-json\/wp\/v2\/tags?post=4275"}],"curies":[{"name":"wp","href":"https:\/\/api.w.org\/{rel}","templated":true}]}}