{"id":4283,"date":"2023-02-15T09:23:43","date_gmt":"2023-02-15T08:23:43","guid":{"rendered":"http:\/\/kantilive.ch\/?p=4283"},"modified":"2023-02-15T09:23:43","modified_gmt":"2023-02-15T08:23:43","slug":"kanti-talk-valentinstag-an-der-ksbg","status":"publish","type":"post","link":"https:\/\/kantilive.ch\/index.php\/2023\/02\/15\/kanti-talk-valentinstag-an-der-ksbg\/","title":{"rendered":"Kanti Talk &#8211; Valentinstag an der KSBG"},"content":{"rendered":"<p style=\"margin: 0in; font-family: Calibri; font-size: 11.0pt;\"><strong>Egal ob verliebt oder gut befreundet \u2013 heute konnten sich die Kanti-Sch\u00fcler:innen \u00fcber die SO gegenseitig Rosen schenken.<\/strong><\/p>\n<p>&nbsp;<\/p>\n<p style=\"margin: 0in; font-family: Calibri; font-size: 11.0pt;\">Heute ist Valentinstag, der Tag der Liebe. Doch zu ebendiesem h\u00f6rt mensch immer wieder kritische Stimmen. Wie sind die Meinungen zum Tag, der doch von vielen vergessen wird? Wir haben die Sch\u00fclerschaft befragt und das kam dabei raus:<\/p>\n<div class=\"jetpack-video-wrapper\"><span class=\"embed-youtube\" style=\"text-align:center; display: block;\"><iframe class='youtube-player' width='760' height='428' src='https:\/\/www.youtube.com\/embed\/Qg3ICnDJ5gY?version=3&#038;rel=1&#038;showsearch=0&#038;showinfo=1&#038;iv_load_policy=1&#038;fs=1&#038;hl=de-DE&#038;autohide=2&#038;wmode=transparent' allowfullscreen='true' style='border:0;' sandbox='allow-scripts allow-same-origin allow-popups allow-presentation'><\/iframe><\/span><\/div>\n","protected":false},"excerpt":{"rendered":"<p>Egal ob verliebt oder gut befreundet \u2013 heute konnten sich die Kanti-Sch\u00fcler:innen \u00fcber die SO gegenseitig Rosen schenken. &nbsp; Heute ist Valentinstag, der Tag der &hellip; <\/p>\n","protected":false},"author":62,"featured_media":4286,"comment_status":"closed","ping_status":"closed","sticky":false,"template":"","format":"video","meta":{"spay_email":"","jetpack_publicize_message":"","jetpack_is_tweetstorm":false},"categories":[1,5,304,9],"tags":[305,303,302],"jetpack_featured_media_url":"https:\/\/i0.wp.com\/kantilive.ch\/wp-content\/uploads\/2023\/02\/kt_VT_23-scaled.jpg?fit=2560%2C1288&ssl=1","jetpack_publicize_connections":[],"jetpack_sharing_enabled":true,"jetpack_shortlink":"https:\/\/wp.me\/pav19Q-175","jetpack-related-posts":[{"id":4512,"url":"https:\/\/kantilive.ch\/index.php\/2023\/09\/07\/klassenzusammenhalt-und-kennenlernen-klassentage-der-ersten-klassen\/","url_meta":{"origin":4283,"position":0},"title":"Kanti-Talk: Kennenlernreise \u2014 Klassentage der ersten Klassen","date":"7. September 2023","format":"video","excerpt":"Heute sind die ersten Klassen auf Klassenfahrt. Wir haben die Kanti befragt - Was macht die Klassentage aus?","rel":"","context":"In &quot;Allgemein&quot;","img":{"alt_text":"","src":"https:\/\/i2.wp.com\/kantilive.ch\/wp-content\/uploads\/2023\/09\/Screenshot-2023-09-07-221809.png?fit=1200%2C673&ssl=1&resize=350%2C200","width":350,"height":200},"classes":[]},{"id":3963,"url":"https:\/\/kantilive.ch\/index.php\/2022\/04\/03\/kanti-talk-wie-informiert-sich-die-kanti\/","url_meta":{"origin":4283,"position":1},"title":"Kanti Talk \u2013 Wie informiert sich die Kanti?","date":"3. April 2022","format":"video","excerpt":"Aktuell ist es mit der Russland-Ukraine Krise schwer sich zu informieren. Die stetig wachsende Informationsflut macht es praktisch unm\u00f6glich, sich mit allen Themen auseinanderzusetzen. Wir haben deshalb die Kanti gefragt, wie sie sich informiert und was im Umgang mit Fake News wichtig ist.","rel":"","context":"In &quot;Allgemein&quot;","img":{"alt_text":"Kanti Talk \u2013 Wie informiert sich die Kanti?","src":"https:\/\/i1.wp.com\/kantilive.ch\/wp-content\/uploads\/2022\/03\/Screenshot-2022-03-29-at-17.25.02.png?fit=1200%2C676&ssl=1&resize=350%2C200","width":350,"height":200},"classes":[]},{"id":4507,"url":"https:\/\/kantilive.ch\/index.php\/2023\/09\/07\/kanti-talk-das-ksbg-leitbild-der-schuelerinnen\/","url_meta":{"origin":4283,"position":2},"title":"Kanti-Talk: Das KSBG-Leitbild der Sch\u00fcler*innen","date":"7. September 2023","format":"video","excerpt":"Vielleicht hast du es schon im Terminplan gesehen: Am 22. September haben wir den Nachmittag frei. Denn die Lehrpersonen beginnen mit der Schulleitung zusammen, das neue Leitbild der Kanti zu gestalten. Was ist ein Leitbild und was sollte nach Sch\u00fcler*innenmeinung darin unbedingt enthalten sein? Wir haben f\u00fcr euch ermittelt\u2026 \u00a0","rel":"","context":"In &quot;Infos \/ Events&quot;","img":{"alt_text":"","src":"https:\/\/i2.wp.com\/kantilive.ch\/wp-content\/uploads\/2023\/09\/Screenshot-2023-09-07-222254.png?fit=1200%2C678&ssl=1&resize=350%2C200","width":350,"height":200},"classes":[]},{"id":4858,"url":"https:\/\/kantilive.ch\/index.php\/2023\/12\/21\/kanti-talk-wie-feiern-nicht-europaeer-weinachten\/","url_meta":{"origin":4283,"position":3},"title":"Kanti Talk - Wie feiern nicht Europ\u00e4er Weinachten?","date":"21. Dezember 2023","format":false,"excerpt":"In diesem Beitrag\u00a0 besch\u00e4ftigen wir uns um die Frage: Wie wird Weihnachten in anderen L\u00e4ndern gefeiert \u2013 und gibt es wirklich Unterschiede zu unseren Traditionen hier in Westeuropa? Lasst uns gemeinsam erkunden, ob und wie die festliche Zeit in S\u00fcdamerika, der T\u00fcrkei und anderen Teilen der Welt anders zelebriert wird.","rel":"","context":"In &quot;Kanti Talk&quot;","img":{"alt_text":"","src":"https:\/\/i2.wp.com\/kantilive.ch\/wp-content\/uploads\/2023\/12\/C0030T01.jpg?fit=1200%2C675&ssl=1&resize=350%2C200","width":350,"height":200},"classes":[]},{"id":2920,"url":"https:\/\/kantilive.ch\/index.php\/2021\/04\/26\/ist-halt-ne-schule-best-of-google-rezensionen-der-ksbg\/","url_meta":{"origin":4283,"position":4},"title":"\u201a\u201aIst halt 'ne Schule\u2018\u2018: Best Of Google Rezensionen der KSBG","date":"26. April 2021","format":false,"excerpt":"Auf Google Maps l\u00e4sst sich ganz einfach verschiedenste Orte und Institutionen bewerten.\u00a0 Auch unsere Kanti ist schon von diversen Google Nutzer*innen evaluiert worden. Wir werfen mal einen Blick auf die lustigsten und merkw\u00fcrdigsten Google Rezensionen der Kantonsschule am Burggraben. \u201a\u201aMit wie vielen Sternen wird unsere Kanti auf Google Rezensionen bewertet?\u2018\u2018,\u2026","rel":"","context":"In &quot;Allgemein&quot;","img":{"alt_text":"","src":"https:\/\/i2.wp.com\/kantilive.ch\/wp-content\/uploads\/2021\/04\/thumbnail-4.jpg?fit=1200%2C675&ssl=1&resize=350%2C200","width":350,"height":200},"classes":[]},{"id":2416,"url":"https:\/\/kantilive.ch\/index.php\/2020\/12\/22\/kanti-talk-christmas-edition\/","url_meta":{"origin":4283,"position":5},"title":"Kanti Talk - Christmas Edition","date":"22. Dezember 2020","format":false,"excerpt":"Weihnachten steht vor der T\u00fcr! Jedoch unter anderen Umst\u00e4nden als gewohnt. Wie die Weihnachtszeit bei den Sch\u00fcler*innen dieses Jahr aussieht, erfahrt ihr in diesem Kanti Talk! \u00a0 Ein Beitrag von: Gina-Soraya Ruffino, Mia Widrig, Jelena Zuberb\u00fchler \u00a0 \u00a0 \u00a0","rel":"","context":"In &quot;Allgemein&quot;","img":{"alt_text":"","src":"https:\/\/i1.wp.com\/kantilive.ch\/wp-content\/uploads\/2020\/12\/1AE198E1-BBED-43BF-8005-7CCAFEF652D9-scaled.jpeg?fit=1200%2C1200&ssl=1&resize=350%2C200","width":350,"height":200},"classes":[]}],"_links":{"self":[{"href":"https:\/\/kantilive.ch\/index.php\/wp-json\/wp\/v2\/posts\/4283"}],"collection":[{"href":"https:\/\/kantilive.ch\/index.php\/wp-json\/wp\/v2\/posts"}],"about":[{"href":"https:\/\/kantilive.ch\/index.php\/wp-json\/wp\/v2\/types\/post"}],"author":[{"embeddable":true,"href":"https:\/\/kantilive.ch\/index.php\/wp-json\/wp\/v2\/users\/62"}],"replies":[{"embeddable":true,"href":"https:\/\/kantilive.ch\/index.php\/wp-json\/wp\/v2\/comments?post=4283"}],"version-history":[{"count":6,"href":"https:\/\/kantilive.ch\/index.php\/wp-json\/wp\/v2\/posts\/4283\/revisions"}],"predecessor-version":[{"id":4293,"href":"https:\/\/kantilive.ch\/index.php\/wp-json\/wp\/v2\/posts\/4283\/revisions\/4293"}],"wp:featuredmedia":[{"embeddable":true,"href":"https:\/\/kantilive.ch\/index.php\/wp-json\/wp\/v2\/media\/4286"}],"wp:attachment":[{"href":"https:\/\/kantilive.ch\/index.php\/wp-json\/wp\/v2\/media?parent=4283"}],"wp:term":[{"taxonomy":"category","embeddable":true,"href":"https:\/\/kantilive.ch\/index.php\/wp-json\/wp\/v2\/categories?post=4283"},{"taxonomy":"post_tag","embeddable":true,"href":"https:\/\/kantilive.ch\/index.php\/wp-json\/wp\/v2\/tags?post=4283"}],"curies":[{"name":"wp","href":"https:\/\/api.w.org\/{rel}","templated":true}]}}