{"id":4322,"date":"2023-05-22T12:56:46","date_gmt":"2023-05-22T10:56:46","guid":{"rendered":"https:\/\/kantilive.ch\/?p=4322"},"modified":"2023-05-22T14:49:10","modified_gmt":"2023-05-22T12:49:10","slug":"das-erste-food-save-bankett-in-st-gallen-festschmaus-in-der-marktgasse","status":"publish","type":"post","link":"https:\/\/kantilive.ch\/index.php\/2023\/05\/22\/das-erste-food-save-bankett-in-st-gallen-festschmaus-in-der-marktgasse\/","title":{"rendered":"Das erste Food-Save Bankett in St. Gallen: Festschmaus in der Marktgasse"},"content":{"rendered":"<p><strong>\u00a0 Das erste Food-Save Bankett in St. Gallen: Festschmaus in der Marktgasse <\/strong><\/p>\n<p>Am letzten Samstag haben Dutzende Sch\u00fcler:innen und Freiwillige aus dem Erg\u00e4nzungsfach \u00abNachhaltigkeit\u00bb das erste Food-Save Bankett in der Stadt St. Gallen durchgef\u00fchrt. Es handelt sich um ein ganzt\u00e4giges Ereignis, wo ein Gericht, zusammengesetzt aus Vorspeise, Hauptspeise und Dessert, am Vorabend aus Lebensmitteln hergestellt worden ist, welche noch im guten Zustand von den lokalen Gesch\u00e4ften entsorgt, worden w\u00e4ren, weil die Produkte aus \u00e4sthetischen Gr\u00fcnden oder weil es zu viel davon gibt, nicht verkauft werden konnten. Doch wieso opferten einige Sch\u00fcler:innen wie auch Freiwillige diesen sch\u00f6nen sonnigen Samstag, um Essen zu servieren? Was steckt dahinter?<\/p>\n<p><strong><em>Ich habe dazu einige Sch\u00fcler\/innen vor Ort befragt:<\/em><\/strong><\/p>\n<p><u>Was hat euch inspiriert, am Food-Save Bankett teilzunehmen?<\/u><br \/>\n<strong><img data-attachment-id=\"4327\" data-permalink=\"https:\/\/kantilive.ch\/index.php\/2023\/05\/22\/das-erste-food-save-bankett-in-st-gallen-festschmaus-in-der-marktgasse\/picture2\/\" data-orig-file=\"https:\/\/i0.wp.com\/kantilive.ch\/wp-content\/uploads\/2023\/05\/Picture2.png?fit=469%2C313&amp;ssl=1\" data-orig-size=\"469,313\" data-comments-opened=\"0\" data-image-meta=\"{&quot;aperture&quot;:&quot;0&quot;,&quot;credit&quot;:&quot;&quot;,&quot;camera&quot;:&quot;&quot;,&quot;caption&quot;:&quot;&quot;,&quot;created_timestamp&quot;:&quot;0&quot;,&quot;copyright&quot;:&quot;&quot;,&quot;focal_length&quot;:&quot;0&quot;,&quot;iso&quot;:&quot;0&quot;,&quot;shutter_speed&quot;:&quot;0&quot;,&quot;title&quot;:&quot;&quot;,&quot;orientation&quot;:&quot;0&quot;}\" data-image-title=\"Picture2\" data-image-description=\"\" data-medium-file=\"https:\/\/i0.wp.com\/kantilive.ch\/wp-content\/uploads\/2023\/05\/Picture2.png?fit=300%2C200&amp;ssl=1\" data-large-file=\"https:\/\/i0.wp.com\/kantilive.ch\/wp-content\/uploads\/2023\/05\/Picture2.png?fit=469%2C313&amp;ssl=1\" decoding=\"async\" loading=\"lazy\" class=\"alignleft wp-image-4327\" src=\"https:\/\/i0.wp.com\/kantilive.ch\/wp-content\/uploads\/2023\/05\/Picture2.png?resize=279%2C186\" alt=\"\" width=\"279\" height=\"186\" srcset=\"https:\/\/i0.wp.com\/kantilive.ch\/wp-content\/uploads\/2023\/05\/Picture2.png?resize=300%2C200&amp;ssl=1 300w, https:\/\/i0.wp.com\/kantilive.ch\/wp-content\/uploads\/2023\/05\/Picture2.png?w=469&amp;ssl=1 469w\" sizes=\"(max-width: 279px) 100vw, 279px\" data-recalc-dims=\"1\" \/><\/strong><\/p>\n<p><em>Morena<\/em>: \u00abIch habe mich \u00fcber die Kanti-News informiert und ich fand es eine richtig gute Idee aus Essen, welches in einem guten Zustand ist, jedoch trotzdem weggeworfen wird, einen Festschmaus zu machen, wo alle miteinander essen und reden k\u00f6nnen.\u00bb<br \/>\n<em>Sophie<\/em>: \u00abMorena hat mich gefragt, ob ich sie begleiten w\u00fcrde. Ich hatte Zeit und fand es eine ganz gute Idee, mit einer Kollegin gemeinsam und mit anderen Leuten dort zu interagieren.\u00bb<\/p>\n<p>Doch <em>Morena <\/em>und <em>Sophie <\/em>sind nicht die einzigen, die dort waren. Elenora, eine hilfsbereite und freundliche Dame, hat sich spontan vor Ort entschieden, der restlichen Crew unter die Arme zu greifen. \u00abSeit sieben Jahren besch\u00e4ftige ich mich beruflich mit diesem Thema, und als ich sah, wie junge Erwachsene mithelfen, da wollte ich unbedingt mit anpacken, weil mir dieses Thema sehr am Herzen liegt. Man sollte Respekt f\u00fcr gute Lebensmittel haben und diese nicht einfach aus \u00e4sthetischen Gr\u00fcnden wegwerfen. Doch das wichtigste Ziel in meinen Augen ist, die Gesellschaft zu sensibilisieren und sie dazu anzuregen dar\u00fcber zu reden. Ich wollte auch der neuen Generation zeigen, dass auch wir \u00c4ltere aktiv mitmachen, um unsere Umwelt zu sch\u00fctzen.\u00bb<\/p>\n<p><strong><em>Sicht der Zuschauer: \u00a0Warum kommen Leute zum Bankett, was gef\u00e4llt ihnen besonders?<\/em><\/strong><img data-attachment-id=\"4326\" data-permalink=\"https:\/\/kantilive.ch\/index.php\/2023\/05\/22\/das-erste-food-save-bankett-in-st-gallen-festschmaus-in-der-marktgasse\/picture3\/\" data-orig-file=\"https:\/\/i2.wp.com\/kantilive.ch\/wp-content\/uploads\/2023\/05\/Picture3.png?fit=412%2C300&amp;ssl=1\" data-orig-size=\"412,300\" data-comments-opened=\"0\" data-image-meta=\"{&quot;aperture&quot;:&quot;0&quot;,&quot;credit&quot;:&quot;&quot;,&quot;camera&quot;:&quot;&quot;,&quot;caption&quot;:&quot;&quot;,&quot;created_timestamp&quot;:&quot;0&quot;,&quot;copyright&quot;:&quot;&quot;,&quot;focal_length&quot;:&quot;0&quot;,&quot;iso&quot;:&quot;0&quot;,&quot;shutter_speed&quot;:&quot;0&quot;,&quot;title&quot;:&quot;&quot;,&quot;orientation&quot;:&quot;0&quot;}\" data-image-title=\"Picture3\" data-image-description=\"\" data-medium-file=\"https:\/\/i2.wp.com\/kantilive.ch\/wp-content\/uploads\/2023\/05\/Picture3.png?fit=300%2C218&amp;ssl=1\" data-large-file=\"https:\/\/i2.wp.com\/kantilive.ch\/wp-content\/uploads\/2023\/05\/Picture3.png?fit=412%2C300&amp;ssl=1\" decoding=\"async\" loading=\"lazy\" class=\"size-medium wp-image-4326 alignright\" src=\"https:\/\/i2.wp.com\/kantilive.ch\/wp-content\/uploads\/2023\/05\/Picture3.png?resize=300%2C218\" alt=\"\" width=\"300\" height=\"218\" srcset=\"https:\/\/i2.wp.com\/kantilive.ch\/wp-content\/uploads\/2023\/05\/Picture3.png?resize=300%2C218&amp;ssl=1 300w, https:\/\/i2.wp.com\/kantilive.ch\/wp-content\/uploads\/2023\/05\/Picture3.png?w=412&amp;ssl=1 412w\" sizes=\"(max-width: 300px) 100vw, 300px\" data-recalc-dims=\"1\" \/><\/p>\n<p>Eine junge Erwachsene meinte, dass sie von einem Flyer angesprochen wurde. Das Thema sei \u00e4usserst wichtig und aus diesem Grund sei dieses Event eine gute Sache.<\/p>\n<p>Einige Kanti-Sch\u00fcler liessen sich auch blicken. Einer behauptet, dass er geh\u00f6rt h\u00e4tte, dass eine Band der KSBG am Bankett spielen w\u00fcrde. Er sei zuf\u00e4llig in der Gegend gewesen, daher kam er r\u00fcber und genoss eine Mahlzeit. Nicht immer, stand also die Nachhaltigkeit im Vordergrund. Manche h\u00f6rten die Musik und schauten vorbei, um diese zu geniessen.<\/p>\n<p>Der Standort des Events ist von den Organisator:innen gut gew\u00e4hlt worden, in der Marktgasse neben der Vadianstatue. Ein Ort mit vielen Leuten bzw. mit viel Aufruhr. Zudem ist es auch nicht zu weit vom Schulgeb\u00e4ude entfernt.<\/p>\n<p>Ich hatte die M\u00f6glichkeit an diesem Tag Herr Rotta (Geografie-Lehrer und Mitorganisator dieses Banketts) eine Frage zu stellen.<\/p>\n<p><strong><em>Was genau bezweckt dieses Bankett in Ihren Augen?<\/em><\/strong><br \/>\n<img data-attachment-id=\"4325\" data-permalink=\"https:\/\/kantilive.ch\/index.php\/2023\/05\/22\/das-erste-food-save-bankett-in-st-gallen-festschmaus-in-der-marktgasse\/picture4\/\" data-orig-file=\"https:\/\/i2.wp.com\/kantilive.ch\/wp-content\/uploads\/2023\/05\/Picture4.png?fit=492%2C329&amp;ssl=1\" data-orig-size=\"492,329\" data-comments-opened=\"0\" data-image-meta=\"{&quot;aperture&quot;:&quot;0&quot;,&quot;credit&quot;:&quot;&quot;,&quot;camera&quot;:&quot;&quot;,&quot;caption&quot;:&quot;&quot;,&quot;created_timestamp&quot;:&quot;0&quot;,&quot;copyright&quot;:&quot;&quot;,&quot;focal_length&quot;:&quot;0&quot;,&quot;iso&quot;:&quot;0&quot;,&quot;shutter_speed&quot;:&quot;0&quot;,&quot;title&quot;:&quot;&quot;,&quot;orientation&quot;:&quot;0&quot;}\" data-image-title=\"Picture4\" data-image-description=\"\" data-medium-file=\"https:\/\/i2.wp.com\/kantilive.ch\/wp-content\/uploads\/2023\/05\/Picture4.png?fit=300%2C201&amp;ssl=1\" data-large-file=\"https:\/\/i2.wp.com\/kantilive.ch\/wp-content\/uploads\/2023\/05\/Picture4.png?fit=492%2C329&amp;ssl=1\" decoding=\"async\" loading=\"lazy\" class=\"alignright wp-image-4325 size-medium\" src=\"https:\/\/i2.wp.com\/kantilive.ch\/wp-content\/uploads\/2023\/05\/Picture4.png?resize=300%2C201\" alt=\"\" width=\"300\" height=\"201\" srcset=\"https:\/\/i2.wp.com\/kantilive.ch\/wp-content\/uploads\/2023\/05\/Picture4.png?resize=300%2C201&amp;ssl=1 300w, https:\/\/i2.wp.com\/kantilive.ch\/wp-content\/uploads\/2023\/05\/Picture4.png?w=492&amp;ssl=1 492w\" sizes=\"(max-width: 300px) 100vw, 300px\" data-recalc-dims=\"1\" \/><\/p>\n<p>Die Essensentsorgung war nicht das Ziel des Events. Kompost und Recyclingstationen w\u00e4ren viel effektiver gewesen, wenn man hier die Energie miteinbezieht, welche gebraucht wurde, um dies alles aufzubauen und gleichzeitig Abfallprodukte herzustellen.<\/p>\n<p>Unser grunds\u00e4tzliches Ziel ist, die Leute darauf aufmerksam zu machen, sie zu diesen Themen zu sensibilisieren, zu informieren wie auch sie anzuregen miteinander dar\u00fcber zu reden. Das Retten von Essen, welches ansonsten weggeworfen w\u00e4re, war nebenbei. Wir, das Erg\u00e4nzungsfach Nachhaltigkeit, sind eine Wissensorganisation und wollen grunds\u00e4tzlich diese Idee an die neuen wie auch alten Generationen vermitteln und sie dazu anstacheln zuk\u00fcnftig etwas zu unternehmen.\u00bb<\/p>\n<p>Morena ist es gelungen, ihre Kollegin zu \u00fcberzeugen, sie ist mitgekommen. War das Ziel des Food-Save Banketts auch andere zum Inhalt der Lebensmittelverschwendung zu beeinflussen.<\/p>\n<p>(Weitere Bilder sind auf dieser Website: <a href=\"https:\/\/berenikamurrayphotography.pixieset.com\/foodsavebankett\/servingeating\/\">FOOD SAVE BANKETT by Berenika Murray Photography (pixieset.com)<\/a>)<\/p>\n<p>Grossen Dank an Berenika Murray f\u00fcr die tollen Bilder, die sie mithilfe ihres Talentes vom Festival gemacht hat. F\u00fcr die, die leider nicht da waren haben wir keine Information, ob das Event in Zukunft wieder auftreten wird, aber wir hoffen auf ein weiteres Stattfinden.<\/p>\n<p>&nbsp;<\/p>\n","protected":false},"excerpt":{"rendered":"<p>\u00a0 Das erste Food-Save Bankett in St. Gallen: Festschmaus in der Marktgasse Am letzten Samstag haben Dutzende Sch\u00fcler:innen und Freiwillige aus dem Erg\u00e4nzungsfach \u00abNachhaltigkeit\u00bb das &hellip; <\/p>\n","protected":false},"author":27,"featured_media":4327,"comment_status":"closed","ping_status":"closed","sticky":false,"template":"","format":"standard","meta":{"spay_email":"","jetpack_publicize_message":"","jetpack_is_tweetstorm":false},"categories":[1,5,6,9,63],"tags":[],"jetpack_featured_media_url":"https:\/\/i0.wp.com\/kantilive.ch\/wp-content\/uploads\/2023\/05\/Picture2.png?fit=469%2C313&ssl=1","jetpack_publicize_connections":[],"jetpack_sharing_enabled":true,"jetpack_shortlink":"https:\/\/wp.me\/pav19Q-17I","jetpack-related-posts":[{"id":4295,"url":"https:\/\/kantilive.ch\/index.php\/2023\/04\/25\/zum-ersten-mal-in-st-gallen-food-save-bankett\/","url_meta":{"origin":4322,"position":0},"title":"Zum ersten Mal in St. Gallen: Food-Save Bankett","date":"25. April 2023","format":false,"excerpt":"J\u00e4hrlich wird rund eine Tonne Lebensmittel in Schweizer Haushalten weggeworfen. Davon w\u00e4re fast die H\u00e4lfte vermeidbar. Die Maturand:innen des Erg\u00e4nzungsfachs \u201cNachhaltigkeit\/Geografie\u201d haben deshalb ein \u201cFood-Save Bankett\u201d organisiert, das am Samstagmittag 6. Mai 2023 von 11-14 Uhr beim Vadiandenkmal stattfinden wird.\u00a0 Das kostenlose Bankett wurde organisiert, um uns die Tragweite der\u2026","rel":"","context":"In &quot;Allgemein&quot;","img":{"alt_text":"","src":"https:\/\/i1.wp.com\/kantilive.ch\/wp-content\/uploads\/2023\/04\/MicrosoftTeams-image-5.png?fit=1200%2C534&ssl=1&resize=350%2C200","width":350,"height":200},"classes":[]},{"id":2844,"url":"https:\/\/kantilive.ch\/index.php\/2021\/04\/05\/eine-hat-sogar-vor-einen-polizisten-uriniert-kantischuelerinnen-berichten-ueber-oster-krawalle\/","url_meta":{"origin":4322,"position":1},"title":"\u201eEine hat sogar vor einen Polizisten uriniert\u201c: Kantisch\u00fcler*innen berichten \u00fcber Oster-Krawalle","date":"5. April 2021","format":false,"excerpt":"Gummischrotsch\u00fcsse, Scherbenzerbrechen, lautes Geschrei. Einige Sch\u00fcler*innen an der Kanti haben die Krawalle in der St. Galler Innenstadt vom Osterwochenende hautnah miterleben m\u00fcssen und erz\u00e4hlen nun von ihren Erlebnissen. Ein Bericht von Pascal Keel Es waren dystopische Szenen, welche sich am Karfreitag im Herzen der Stadt St. Gallen abspielten. Nachdem es\u2026","rel":"","context":"In &quot;Allgemein&quot;","img":{"alt_text":"","src":"https:\/\/i2.wp.com\/kantilive.ch\/wp-content\/uploads\/2021\/04\/krawalle-sg-titelbild.jpg?fit=1200%2C675&ssl=1&resize=350%2C200","width":350,"height":200},"classes":[]},{"id":2396,"url":"https:\/\/kantilive.ch\/index.php\/2020\/12\/30\/mehr-psychische-erkrankungen-bei-schuelern-im-2020\/","url_meta":{"origin":4322,"position":2},"title":"Mehr psychische Erkrankungen bei Sch\u00fcler*innen im 2020?","date":"30. Dezember 2020","format":false,"excerpt":"Wie SRF berichtete ist die Nachfrage nach Pl\u00e4tzen in Kindern- und Jugendpsychiatrien 2020 signifikant angestiegen. Kanti live hat \u00a0beim Leiter der Schulpsychologischen Dienste St. Gallen, Dr. Ralph Wettach, nachgefragt, ob sich eine auff\u00e4llige \u00c4nderung auch an den Schulen zeigt. Verzeichnen die Schulpsychologischen Dienste St. Gallen ebenfalls eine gesteigerte Nachfrage? Die\u2026","rel":"","context":"In &quot;Allgemein&quot;","img":{"alt_text":"","src":"https:\/\/i0.wp.com\/kantilive.ch\/wp-content\/uploads\/2020\/12\/mental-health-3350778_1280.png?fit=1049%2C1200&ssl=1&resize=350%2C200","width":350,"height":200},"classes":[]},{"id":4109,"url":"https:\/\/kantilive.ch\/index.php\/2022\/05\/19\/fan-blendet-spieler-mit-laserpointer-hueppi-muss-eigene-fans-beruhigen-der-fcsg-im-cupfinal\/","url_meta":{"origin":4322,"position":3},"title":"Fan blendet Spieler mit Laserpointer, H\u00fcppi muss eigene Fans beruhigen \u2013 Der FCSG im Cupfinal","date":"19. Mai 2022","format":false,"excerpt":"Bild: SRF Der FC Lugano bezwingt den FC St. Gallen mit einem unertr\u00e4glichen 4:1. Die Partie endet innerhalb der regul\u00e4ren Spielzeit, die Diskussionen aber k\u00f6nnten diese weit \u00fcbersteigen. Im vollen Wankdorf Stadium ging am vergangenen Sonntag der 98. Cupfinal \u00fcber den Rasen. Bereits in der f\u00fcnften Spielminute gelang es den\u2026","rel":"","context":"In &quot;Sport&quot;","img":{"alt_text":"","src":"https:\/\/i0.wp.com\/kantilive.ch\/wp-content\/uploads\/2022\/05\/C7E0233E-957F-4496-9BEA-FE3C3CED4B87-e1652949544354.jpeg?fit=1200%2C813&ssl=1&resize=350%2C200","width":350,"height":200},"classes":[]},{"id":3217,"url":"https:\/\/kantilive.ch\/index.php\/2021\/09\/18\/rollschuhfahren-wie-in-den-80ern-ein-eventtipp-fuers-retrofeeling\/","url_meta":{"origin":4322,"position":4},"title":"Rollschuhfahren wie in den 80ern \u2013 Ein Eventtipp f\u00fcrs Retrofeeling","date":"18. September 2021","format":false,"excerpt":"Hohes Tempo oder gem\u00fctliches Spazierfahren, Neonfarben, bunte Lichter und Discokugel. Nicht zu vergessen die Musik! Das ist das \u00abRollland\u00bb, eine Rollschuhbahn, die momentan durch die Ostschweiz tourt und Halt in St. Gallen macht. Ein Besuch ist ein tolles Erlebnis und \u00fcber allem schwebt ein Hauch von 1980er Jahre Nostalgie. \u00a0\u2026","rel":"","context":"In &quot;Allgemein&quot;","img":{"alt_text":"","src":"https:\/\/i1.wp.com\/kantilive.ch\/wp-content\/uploads\/2021\/09\/PNG-image.png?fit=482%2C414&ssl=1&resize=350%2C200","width":350,"height":200},"classes":[]},{"id":998,"url":"https:\/\/kantilive.ch\/index.php\/2019\/09\/16\/filme-fuer-die-erde-ein-fest-fuer-das-leben\/","url_meta":{"origin":4322,"position":5},"title":"Filme f\u00fcr die Erde: Ein Fest f\u00fcr das Leben","date":"16. September 2019","format":false,"excerpt":"Quelle: https:\/\/filmsfortheearth.org\/de\/ Wenn man das Wort Filmfestival h\u00f6rt, kommen einem Glamour und Hollywood in den Sinn. Man kann sich fliessende Kleider, blinkende Kameras und den roten Teppich vorstellen. Doch Filme f\u00fcr die Erde hat dies neu definiert. J\u00e4hrlich findet in mehreren St\u00e4dten und L\u00e4ndern ein st\u00e4ndig wachsendes Filmfestival von immenser\u2026","rel":"","context":"In &quot;Infos \/ Events&quot;","img":{"alt_text":"","src":"https:\/\/i1.wp.com\/kantilive.ch\/wp-content\/uploads\/2019\/09\/FBE8C2E2-82D3-45D0-99C0-7D03E6D9B4B5.jpeg?fit=1200%2C765&ssl=1&resize=350%2C200","width":350,"height":200},"classes":[]}],"_links":{"self":[{"href":"https:\/\/kantilive.ch\/index.php\/wp-json\/wp\/v2\/posts\/4322"}],"collection":[{"href":"https:\/\/kantilive.ch\/index.php\/wp-json\/wp\/v2\/posts"}],"about":[{"href":"https:\/\/kantilive.ch\/index.php\/wp-json\/wp\/v2\/types\/post"}],"author":[{"embeddable":true,"href":"https:\/\/kantilive.ch\/index.php\/wp-json\/wp\/v2\/users\/27"}],"replies":[{"embeddable":true,"href":"https:\/\/kantilive.ch\/index.php\/wp-json\/wp\/v2\/comments?post=4322"}],"version-history":[{"count":4,"href":"https:\/\/kantilive.ch\/index.php\/wp-json\/wp\/v2\/posts\/4322\/revisions"}],"predecessor-version":[{"id":4342,"href":"https:\/\/kantilive.ch\/index.php\/wp-json\/wp\/v2\/posts\/4322\/revisions\/4342"}],"wp:featuredmedia":[{"embeddable":true,"href":"https:\/\/kantilive.ch\/index.php\/wp-json\/wp\/v2\/media\/4327"}],"wp:attachment":[{"href":"https:\/\/kantilive.ch\/index.php\/wp-json\/wp\/v2\/media?parent=4322"}],"wp:term":[{"taxonomy":"category","embeddable":true,"href":"https:\/\/kantilive.ch\/index.php\/wp-json\/wp\/v2\/categories?post=4322"},{"taxonomy":"post_tag","embeddable":true,"href":"https:\/\/kantilive.ch\/index.php\/wp-json\/wp\/v2\/tags?post=4322"}],"curies":[{"name":"wp","href":"https:\/\/api.w.org\/{rel}","templated":true}]}}