{"id":4390,"date":"2023-06-02T16:51:25","date_gmt":"2023-06-02T14:51:25","guid":{"rendered":"https:\/\/kantilive.ch\/?p=4390"},"modified":"2023-06-02T17:09:02","modified_gmt":"2023-06-02T15:09:02","slug":"bienenhotels-und-asthaufen-impact-day-an-der-ksbg","status":"publish","type":"post","link":"https:\/\/kantilive.ch\/index.php\/2023\/06\/02\/bienenhotels-und-asthaufen-impact-day-an-der-ksbg\/","title":{"rendered":"Bienenhotels und Asthaufen &#8211; Impact Day an der KSBG"},"content":{"rendered":"<p><strong>Am letzten Donnerstag, den 25. Mai 2023, wurden bei uns die Laptops und Stifte gegen Schaufeln und Schubkarren eingetauscht. Es fand der Impact Day Biodiversit\u00e4t statt, unter anderen organisiert von dem Klimaschutzprogramm \u201eMy Blue Planet\u201c und Bird Life Schweiz.<\/strong><\/p>\n<p>Alle 1. u<img data-attachment-id=\"4387\" data-permalink=\"https:\/\/kantilive.ch\/00-kantilive\/\" data-orig-file=\"https:\/\/i0.wp.com\/kantilive.ch\/wp-content\/uploads\/2023\/06\/00-KantiLive.jpg?fit=1365%2C2048&amp;ssl=1\" data-orig-size=\"1365,2048\" data-comments-opened=\"0\" data-image-meta=\"{&quot;aperture&quot;:&quot;5.6&quot;,&quot;credit&quot;:&quot;noah gunzinger&quot;,&quot;camera&quot;:&quot;Canon EOS 6D&quot;,&quot;caption&quot;:&quot;&quot;,&quot;created_timestamp&quot;:&quot;1620561921&quot;,&quot;copyright&quot;:&quot;&quot;,&quot;focal_length&quot;:&quot;70&quot;,&quot;iso&quot;:&quot;100&quot;,&quot;shutter_speed&quot;:&quot;0.008&quot;,&quot;title&quot;:&quot;&quot;,&quot;orientation&quot;:&quot;0&quot;}\" data-image-title=\"00 KantiLive\" data-image-description=\"\" data-medium-file=\"https:\/\/i0.wp.com\/kantilive.ch\/wp-content\/uploads\/2023\/06\/00-KantiLive.jpg?fit=200%2C300&amp;ssl=1\" data-large-file=\"https:\/\/i0.wp.com\/kantilive.ch\/wp-content\/uploads\/2023\/06\/00-KantiLive.jpg?fit=683%2C1024&amp;ssl=1\" decoding=\"async\" loading=\"lazy\" class=\"size-medium wp-image-4387 alignleft\" src=\"https:\/\/i0.wp.com\/kantilive.ch\/wp-content\/uploads\/2023\/06\/00-KantiLive.jpg?resize=200%2C300\" alt=\"\" width=\"200\" height=\"300\" srcset=\"https:\/\/i0.wp.com\/kantilive.ch\/wp-content\/uploads\/2023\/06\/00-KantiLive.jpg?resize=200%2C300&amp;ssl=1 200w, https:\/\/i0.wp.com\/kantilive.ch\/wp-content\/uploads\/2023\/06\/00-KantiLive.jpg?resize=683%2C1024&amp;ssl=1 683w, https:\/\/i0.wp.com\/kantilive.ch\/wp-content\/uploads\/2023\/06\/00-KantiLive.jpg?resize=768%2C1152&amp;ssl=1 768w, https:\/\/i0.wp.com\/kantilive.ch\/wp-content\/uploads\/2023\/06\/00-KantiLive.jpg?resize=1024%2C1536&amp;ssl=1 1024w, https:\/\/i0.wp.com\/kantilive.ch\/wp-content\/uploads\/2023\/06\/00-KantiLive.jpg?resize=1320%2C1980&amp;ssl=1 1320w, https:\/\/i0.wp.com\/kantilive.ch\/wp-content\/uploads\/2023\/06\/00-KantiLive.jpg?w=1365&amp;ssl=1 1365w\" sizes=\"(max-width: 200px) 100vw, 200px\" data-recalc-dims=\"1\" \/>nd 3. Klassen waren den ganzen Tag im Einsatz und eifrig damit besch\u00e4ftigt, die Umgebung der KSBG und der Stadt St.Gallen aufzuwerten. So wurden zum Beispiel der Schulinnenhof umgestaltet, Nisthilfen und Bienenhotels gebaut, Samenbomben gebastelt, oder Waldaufwertungen durchgef\u00fchrt.<\/p>\n<p>Viele Sch\u00fcler*innen waren mit vollem K\u00f6rpereinsatz dabei: \u201eIch fand es unglaublich sch\u00f6n zu sehen, wie motiviert und interessiert die Sch\u00fclerInnen zur Sache gegangen sind. Es wurden mir unz\u00e4hlige Fragen gestellt und jedes Mal, wenn ich \u00fcber das Schulareal gelaufen bin, habe ich mich dar\u00fcber gefreut, wie sehr alle gemeinsam am Anpacken waren.\u201c <span class=\"ui-provider gs b c d e f g h i j k l m n o p q r s t u v w x y z ab ac ae af ag ah ai aj ak\" dir=\"ltr\"> liess sich Daniel R\u00fcegsegger von Birdlife zum Engagement der Sch\u00fcler*innen in einer Mitteilung von My Blue Planet zitieren.<\/span><\/p>\n<p>Es war ein anstrengender Tag, aber auch sehr abwechslungsreich. Vor allem konnten wir aktiv etwas Gutes f\u00fcr den Planeten machen. Folgt man aktuellen Forschungsergebnissen (Stockholm Resilience Centre, 2023), ist die planetarische Grenze im Bereich Biodiversit\u00e4t bereits heute \u00fcberschritten und deshalb ist ein solcher Impact Tag wichtig und sinnvoll. Meiner Meinung nach sollte ein solcher Tag viel \u00f6fter durchgef\u00fchrt werden, damit kann man zum einem dem Planeten etwas Gutes tun und zum anderen uns Sch\u00fcler daran erinnern, wie wichtig Klimaschutz ist. <img decoding=\"async\" loading=\"lazy\" class=\"wp-image-4388 aligncenter\" src=\"https:\/\/i2.wp.com\/kantilive.ch\/wp-content\/uploads\/2023\/06\/01-KantiLive-300x225.jpg?resize=355%2C266\" alt=\"\" width=\"355\" height=\"266\" data-recalc-dims=\"1\" \/><\/p>\n<p>&nbsp;<\/p>\n","protected":false},"excerpt":{"rendered":"<p>Am letzten Donnerstag, den 25. Mai 2023, wurden bei uns die Laptops und Stifte gegen Schaufeln und Schubkarren eingetauscht. Es fand der Impact Day Biodiversit\u00e4t &hellip; <\/p>\n","protected":false},"author":76,"featured_media":4387,"comment_status":"closed","ping_status":"closed","sticky":false,"template":"","format":"standard","meta":{"spay_email":"","jetpack_publicize_message":"","jetpack_is_tweetstorm":false},"categories":[1,5,63],"tags":[],"jetpack_featured_media_url":"https:\/\/i0.wp.com\/kantilive.ch\/wp-content\/uploads\/2023\/06\/00-KantiLive.jpg?fit=1365%2C2048&ssl=1","jetpack_publicize_connections":[],"jetpack_sharing_enabled":true,"jetpack_shortlink":"https:\/\/wp.me\/pav19Q-18O","jetpack-related-posts":[{"id":1274,"url":"https:\/\/kantilive.ch\/index.php\/2020\/01\/07\/ksbg-championships-was-ist-das-der-zwischenstand-nach-der-ersten-etappe\/","url_meta":{"origin":4390,"position":0},"title":"KSBG Championships - Die erste Etappe","date":"7. Januar 2020","format":false,"excerpt":"Die \"Wieners\" (Quelle: Christina Schnelli) Zu Beginn des letzten Monats waren in den Turnhallen unserer Schule lautes Kreischen und mitreissende Jubel zu vernehmen. Am 5. Dezember fand dort n\u00e4mlich die erste Etappe der KSBG Championships statt; ein Wettbewerb, bei welchem Sch\u00fcler nicht nur ihre physischen, sondern auch ihre mentalen F\u00e4higkeiten\u2026","rel":"","context":"In &quot;Allgemein&quot;","img":{"alt_text":"","src":"https:\/\/i2.wp.com\/kantilive.ch\/wp-content\/uploads\/2020\/01\/Wieners.png?fit=597%2C447&ssl=1&resize=350%2C200","width":350,"height":200},"classes":[]},{"id":898,"url":"https:\/\/kantilive.ch\/index.php\/2019\/09\/04\/es-gab-stofftierli-saeulen-gummibaerligemaelde-und-tolle-tromp-oeil-bilder-an-den-waenden\/","url_meta":{"origin":4390,"position":1},"title":",,Es gab Stofftierli-S\u00e4ulen, Gummib\u00e4rligem\u00e4lde und tolle Trompe-l\u2019oeil-Bilder an den W\u00e4nden''","date":"4. September 2019","format":false,"excerpt":"Sebastian Elser hat als BGler die Matura im Jahr 2003 gemacht. Jetzt ist er wieder an der KSBG und zwar als Physiklehrer. Aber wie war wohl seine Schulzeit? Herr Elser, wie hat sich die KSBG ge\u00e4ndert seit ihrer R\u00fcckkehr als Lehrer Zu meiner Zeit (Matura 2003) war die Bibliothek noch\u2026","rel":"","context":"In &quot;Personen&quot;","img":{"alt_text":"","src":"","width":0,"height":0},"classes":[]},{"id":4440,"url":"https:\/\/kantilive.ch\/index.php\/2023\/09\/13\/maturierenden-messe-zuerich-wohin-nach-der-ksbg\/","url_meta":{"origin":4390,"position":2},"title":"Maturierenden Messe Z\u00fcrich : Wohin nach der KSBG?","date":"13. September 2023","format":false,"excerpt":"Viele Sch\u00fcler*innen aus verschiedenen Kantonsschulen der Schweiz nahmen am Mittwoch dem 06. September an der Maturierenden Messe in Z\u00fcrich teil. Dort konnte man sich \u00fcber viele Studieng\u00e4nge, Fachhochschulen, Universit\u00e4ten und weiteres informieren. Es gab sogar ein Kahoot mit tollen Preisen. Die Frage: \"Was mache ich bloss nach der Matura?\", f\u00fchlte\u2026","rel":"","context":"In &quot;Allgemein&quot;","img":{"alt_text":"","src":"https:\/\/i2.wp.com\/kantilive.ch\/wp-content\/uploads\/2023\/09\/small_DSC03146.jpg?fit=414%2C276&ssl=1&resize=350%2C200","width":350,"height":200},"classes":[]},{"id":5445,"url":"https:\/\/kantilive.ch\/index.php\/2025\/11\/12\/paul-grueninger-tag-meine-eindruecke\/","url_meta":{"origin":4390,"position":3},"title":"Paul-Gr\u00fcninger-Tag \u2013 Meine Eindr\u00fccke","date":"12. November 2025","format":false,"excerpt":"Wer war Paul Gr\u00fcninger? Am 28. Oktober 2025 fand zum vierten Mal der Paul-Gr\u00fcninger-Tag an der Kantonsschule am Burggraben statt \u2013 mit einem Programm f\u00fcr alle vierten Klassen. Dieser Tag ist dem j\u00fcdischen Fl\u00fcchtlingshelfer Paul Gr\u00fcninger gewidmet, der in den antisemitisch gepr\u00e4gten Zeiten der Schweiz w\u00e4hrend des Nationalsozialismus vielen Menschen\u2026","rel":"","context":"In &quot;Allgemein&quot;","img":{"alt_text":"","src":"https:\/\/i2.wp.com\/kantilive.ch\/wp-content\/uploads\/2025\/11\/shared-image.jpeg?fit=1080%2C829&ssl=1&resize=350%2C200","width":350,"height":200},"classes":[]},{"id":4300,"url":"https:\/\/kantilive.ch\/index.php\/2023\/04\/25\/recycling-und-energiesparen-das-kanti-assembly\/","url_meta":{"origin":4390,"position":4},"title":"Recycling und Energiesparen \u2013 das Kanti-Assembly","date":"25. April 2023","format":false,"excerpt":"Klimawandel \u2013 ein Begriff den man immer h\u00e4ufiger h\u00f6rt. Deshalb will die KSBG eine Klimaschule werden. Aber wie nehmen die Sch\u00fcler die Umsetzung wahr? Genau das wurde im Kanti-Assembly vom 20.02.2023 besprochen.\u00a0 Begonnen hat das Assembly wie immer in der Aula Neubau, wo den Sch\u00fclern das Klimaschule-Programm vorgestellt wurde. Dabei\u2026","rel":"","context":"In &quot;Allgemein&quot;","img":{"alt_text":"","src":"https:\/\/i2.wp.com\/kantilive.ch\/wp-content\/uploads\/2023\/04\/KantiAssembliesLogo2.png?fit=1200%2C574&ssl=1&resize=350%2C200","width":350,"height":200},"classes":[]},{"id":1067,"url":"https:\/\/kantilive.ch\/index.php\/2019\/09\/27\/ich-gehoerte-damals-eher-zu-den-ruhigen-schuelerinnen-die-zwar-im-kopf-beim-unterricht-dabei-waren-aber-nicht-gerne-die-hand-gehoben-haben-um-etwas-zu-sagen\/","url_meta":{"origin":4390,"position":5},"title":",,Ich geh\u00f6rte damals eher zu den ruhigen Sch\u00fclerinnen, die zwar im Kopf beim Unterricht dabei waren, aber nicht gerne die Hand gehoben haben, um etwas zu sagen.''","date":"27. September 2019","format":false,"excerpt":"Olivia Inauen, Lehrerin f\u00fcr Englisch und Franz\u00f6sisch an unserer Schule, war auch einmal Sch\u00fclerin an der KSBG. Wir haben sie zu ihrer Schulzeit befragt und versucht herauszufinden, was sich seit ihrer Schulzeit alles ver\u00e4ndert hat. Frau Inauen, wie hat sich die KSBG ver\u00e4ndert seit sie hier zur Schule gegangen sind?\u2026","rel":"","context":"In &quot;Allgemein&quot;","img":{"alt_text":"","src":"https:\/\/i2.wp.com\/kantilive.ch\/wp-content\/uploads\/2019\/09\/20190520_201054968_iOS-225x300.jpg?resize=350%2C200","width":350,"height":200},"classes":[]}],"_links":{"self":[{"href":"https:\/\/kantilive.ch\/index.php\/wp-json\/wp\/v2\/posts\/4390"}],"collection":[{"href":"https:\/\/kantilive.ch\/index.php\/wp-json\/wp\/v2\/posts"}],"about":[{"href":"https:\/\/kantilive.ch\/index.php\/wp-json\/wp\/v2\/types\/post"}],"author":[{"embeddable":true,"href":"https:\/\/kantilive.ch\/index.php\/wp-json\/wp\/v2\/users\/76"}],"replies":[{"embeddable":true,"href":"https:\/\/kantilive.ch\/index.php\/wp-json\/wp\/v2\/comments?post=4390"}],"version-history":[{"count":2,"href":"https:\/\/kantilive.ch\/index.php\/wp-json\/wp\/v2\/posts\/4390\/revisions"}],"predecessor-version":[{"id":4393,"href":"https:\/\/kantilive.ch\/index.php\/wp-json\/wp\/v2\/posts\/4390\/revisions\/4393"}],"wp:featuredmedia":[{"embeddable":true,"href":"https:\/\/kantilive.ch\/index.php\/wp-json\/wp\/v2\/media\/4387"}],"wp:attachment":[{"href":"https:\/\/kantilive.ch\/index.php\/wp-json\/wp\/v2\/media?parent=4390"}],"wp:term":[{"taxonomy":"category","embeddable":true,"href":"https:\/\/kantilive.ch\/index.php\/wp-json\/wp\/v2\/categories?post=4390"},{"taxonomy":"post_tag","embeddable":true,"href":"https:\/\/kantilive.ch\/index.php\/wp-json\/wp\/v2\/tags?post=4390"}],"curies":[{"name":"wp","href":"https:\/\/api.w.org\/{rel}","templated":true}]}}