{"id":4910,"date":"2024-02-18T20:05:53","date_gmt":"2024-02-18T19:05:53","guid":{"rendered":"https:\/\/kantilive.ch\/?p=4910"},"modified":"2024-02-19T11:30:06","modified_gmt":"2024-02-19T10:30:06","slug":"maturaarbeiten24","status":"publish","type":"post","link":"https:\/\/kantilive.ch\/index.php\/2024\/02\/18\/maturaarbeiten24\/","title":{"rendered":"Meister deine Matura: Tipps und Tricks f\u00fcrs Schreiben"},"content":{"rendered":"<p>Die Maturaarbeiten stehen vor der T\u00fcr. Entweder hast du sie gerade erst abgegeben oder du beginnst bald mit dem Schreiben. Falls du der zweiten Kategorie angeh\u00f6rst, haben wir f\u00fcr dich 4.-Kantisch\u00fclerinnen und -sch\u00fcler in einem Kantitalk befragt, was ihre Tipps und Tricks sind, sodass die Maturaarbeit ein klein wenig einfacher zu schreiben wird.<\/p>\n<p><iframe loading=\"lazy\" title=\"YouTube video player\" src=\"https:\/\/www.youtube.com\/embed\/aO114xP4vjw?si=m8Td85ea8YxK9Bli\" width=\"560\" height=\"315\" frameborder=\"0\" allowfullscreen=\"allowfullscreen\"><\/iframe><\/p>\n","protected":false},"excerpt":{"rendered":"<p>Die Maturaarbeiten stehen vor der T\u00fcr. Entweder hast du sie gerade erst abgegeben oder du beginnst bald mit dem Schreiben. Falls du der zweiten Kategorie &hellip; <\/p>\n","protected":false},"author":79,"featured_media":4912,"comment_status":"closed","ping_status":"closed","sticky":false,"template":"","format":"video","meta":{"spay_email":"","jetpack_publicize_message":"","jetpack_is_tweetstorm":false},"categories":[304,8],"tags":[97,364,365],"jetpack_featured_media_url":"https:\/\/i1.wp.com\/kantilive.ch\/wp-content\/uploads\/2024\/02\/2024_02_18-Maturaarbeiten24-Thumbnail.png?fit=1280%2C720&ssl=1","jetpack_publicize_connections":[],"jetpack_sharing_enabled":true,"jetpack_shortlink":"https:\/\/wp.me\/pav19Q-1hc","jetpack-related-posts":[{"id":4986,"url":"https:\/\/kantilive.ch\/index.php\/2024\/04\/17\/praemierte-maturaarbeiten-was-kann-ich-mir-davon-abschneiden\/","url_meta":{"origin":4910,"position":0},"title":"Pr\u00e4mierte Maturaarbeiten - Was kann ich mir davon abschneiden?","date":"17. April 2024","format":false,"excerpt":"Was hat die pr\u00e4mierten Maturaarbeiten ausgemacht? Wir interviewen dazu die diesj\u00e4hrigen preisgekr\u00f6nten Maturanten, Nils Hammes 4hW, Lisa Schirm 4gNP und Orfa Falkenberg 4cNP. Es lohnt sich wirklich diese Tipps von den Maturaarbeitmeistern\u00a0sich\u00a0anzuh\u00f6ren\u2026 https:\/\/youtu.be\/X5VR8TkjFGE","rel":"","context":"In &quot;Allgemein&quot;","img":{"alt_text":"","src":"https:\/\/i1.wp.com\/kantilive.ch\/wp-content\/uploads\/2024\/04\/Screenshot-2024-04-17-140505.png?fit=1200%2C668&ssl=1&resize=350%2C200","width":350,"height":200},"classes":[]},{"id":3770,"url":"https:\/\/kantilive.ch\/index.php\/2022\/02\/04\/wenn-ich-die-maturaarbeit-nochmals-schreiben-muesste-tipps-einer-viertklaesslerin\/","url_meta":{"origin":4910,"position":1},"title":"Wenn ich die Maturaarbeit nochmals schreiben m\u00fcsste... - Tipps einer Viertkl\u00e4sslerin","date":"4. Februar 2022","format":false,"excerpt":"Die Maturaarbeit markiert auf gewisse Weise den Anfang vom Ende unserer Kantizeit. Doch wie ist es so, eine solche zu schreiben? Einige Erkenntnisse nach dem heutigen Abgabetermin. Die Maturaarbeit besch\u00e4ftigt die Sch\u00fcler*innen relativ lange. Im Fr\u00fchjahr der dritten Klasse gibt es erste Informationen durch Herrn N\u00e4f, den zust\u00e4ndigen Prorektor. Der\u2026","rel":"","context":"In &quot;Allgemein&quot;","img":{"alt_text":"","src":"https:\/\/i0.wp.com\/kantilive.ch\/wp-content\/uploads\/2022\/02\/E11B52A6-373E-423A-A941-62AE33C5A98F.jpeg?fit=1200%2C679&ssl=1&resize=350%2C200","width":350,"height":200},"classes":[]},{"id":4512,"url":"https:\/\/kantilive.ch\/index.php\/2023\/09\/07\/klassenzusammenhalt-und-kennenlernen-klassentage-der-ersten-klassen\/","url_meta":{"origin":4910,"position":2},"title":"Kanti-Talk: Kennenlernreise \u2014 Klassentage der ersten Klassen","date":"7. September 2023","format":"video","excerpt":"Heute sind die ersten Klassen auf Klassenfahrt. Wir haben die Kanti befragt - Was macht die Klassentage aus?","rel":"","context":"In &quot;Allgemein&quot;","img":{"alt_text":"","src":"https:\/\/i2.wp.com\/kantilive.ch\/wp-content\/uploads\/2023\/09\/Screenshot-2023-09-07-221809.png?fit=1200%2C673&ssl=1&resize=350%2C200","width":350,"height":200},"classes":[]},{"id":2126,"url":"https:\/\/kantilive.ch\/index.php\/2020\/09\/26\/schweigeminute-siegfried-lenz\/","url_meta":{"origin":4910,"position":3},"title":"Schweigeminute - Siegfried Lenz","date":"26. September 2020","format":false,"excerpt":"In \u201eSchweigeminute\u201c von Siegfried Lenz geht es um eine eindr\u00fccklich geschriebene Liebesgeschichte. Das Buch ist sehr kurz, eine Wochenendlekt\u00fcre. Ganz und gar nicht kitschig erz\u00e4hlt Siegfried Lenz die Geschichte einer Liebe, die schlussendlich ein tragisches Ende nimmt. Die Novelle spielt an der westdeutschen Ostseek\u00fcste und wird als R\u00fcckblende aus Sicht\u2026","rel":"","context":"In &quot;Allgemein&quot;","img":{"alt_text":"","src":"https:\/\/i1.wp.com\/kantilive.ch\/wp-content\/uploads\/2020\/09\/5fabc431a4.jpg?fit=650%2C350&ssl=1&resize=350%2C200","width":350,"height":200},"classes":[]},{"id":4564,"url":"https:\/\/kantilive.ch\/index.php\/2023\/09\/28\/ring-ring-ring-die-ferien-sind-da\/","url_meta":{"origin":4910,"position":4},"title":"Ring, Ring, Ring, die Ferien sind da!","date":"28. September 2023","format":false,"excerpt":"Bildquelle: Pinterest: https:\/\/pin.it\/wJNEeWq \u00a0 Die Jahreszeit des Teetrinkens, B\u00fccherlesens, Kerzenz\u00fcndens und Einkuschelns in wolligen Decken n\u00e4hert sich langsam, aber sicher. Bevor der Winter vor der T\u00fcr steht, lohnt es sich, die wirbelnden Bl\u00e4tter auf den Strassen und die gebrannten Mandeln am Jahrmarkt zu geniessen. Mithilfe unserer To-Do Liste Ideen kannst\u2026","rel":"","context":"In &quot;Allgemein&quot;","img":{"alt_text":"","src":"https:\/\/i0.wp.com\/kantilive.ch\/wp-content\/uploads\/2023\/09\/Picture1.jpg?fit=643%2C579&ssl=1&resize=350%2C200","width":350,"height":200},"classes":[]},{"id":5076,"url":"https:\/\/kantilive.ch\/index.php\/2024\/08\/20\/ueberlebenswichtige-tipps-fuer-england\/","url_meta":{"origin":4910,"position":5},"title":"\u00dcberlebenswichtige Tipps f\u00fcr England","date":"20. August 2024","format":false,"excerpt":"Proviant aus der Schweiz mitnehmen! Ob es eure Lieblingscookies oder Chips sind, jede Portion Z\u00c4HLT. Das Essen in England ist schrecklich. Das Angebot kr\u00f6nt neben \u00abFish and Chips\u00bb und vielleicht \u00abShepherd\u2019s Pie\u00bb. Fotografisches Ged\u00e4chtnis entwickeln! Um Schwarzfahrer zu vermeiden, haben die Busse in England grunds\u00e4tzlich nur einen Eingang vorne beim\u2026","rel":"","context":"In &quot;Allgemein&quot;","img":{"alt_text":"","src":"https:\/\/i2.wp.com\/kantilive.ch\/wp-content\/uploads\/2024\/08\/Survive_the_Night.png?fit=1200%2C675&ssl=1&resize=350%2C200","width":350,"height":200},"classes":[]}],"_links":{"self":[{"href":"https:\/\/kantilive.ch\/index.php\/wp-json\/wp\/v2\/posts\/4910"}],"collection":[{"href":"https:\/\/kantilive.ch\/index.php\/wp-json\/wp\/v2\/posts"}],"about":[{"href":"https:\/\/kantilive.ch\/index.php\/wp-json\/wp\/v2\/types\/post"}],"author":[{"embeddable":true,"href":"https:\/\/kantilive.ch\/index.php\/wp-json\/wp\/v2\/users\/79"}],"replies":[{"embeddable":true,"href":"https:\/\/kantilive.ch\/index.php\/wp-json\/wp\/v2\/comments?post=4910"}],"version-history":[{"count":1,"href":"https:\/\/kantilive.ch\/index.php\/wp-json\/wp\/v2\/posts\/4910\/revisions"}],"predecessor-version":[{"id":4911,"href":"https:\/\/kantilive.ch\/index.php\/wp-json\/wp\/v2\/posts\/4910\/revisions\/4911"}],"wp:featuredmedia":[{"embeddable":true,"href":"https:\/\/kantilive.ch\/index.php\/wp-json\/wp\/v2\/media\/4912"}],"wp:attachment":[{"href":"https:\/\/kantilive.ch\/index.php\/wp-json\/wp\/v2\/media?parent=4910"}],"wp:term":[{"taxonomy":"category","embeddable":true,"href":"https:\/\/kantilive.ch\/index.php\/wp-json\/wp\/v2\/categories?post=4910"},{"taxonomy":"post_tag","embeddable":true,"href":"https:\/\/kantilive.ch\/index.php\/wp-json\/wp\/v2\/tags?post=4910"}],"curies":[{"name":"wp","href":"https:\/\/api.w.org\/{rel}","templated":true}]}}