{"id":5096,"date":"2024-09-28T23:20:10","date_gmt":"2024-09-28T21:20:10","guid":{"rendered":"https:\/\/kantilive.ch\/?p=5096"},"modified":"2024-09-28T23:20:10","modified_gmt":"2024-09-28T21:20:10","slug":"interview-mit-teddy-guy-burwell-und-dominic-graf","status":"publish","type":"post","link":"https:\/\/kantilive.ch\/index.php\/2024\/09\/28\/interview-mit-teddy-guy-burwell-und-dominic-graf\/","title":{"rendered":"Interview mit TEDDY (Guy Burwell und Dominic Graf)"},"content":{"rendered":"<p>Vor gut zwei Monaten haben TEDDY, bestehend aus Guy Burwell und Dominic Graf, ihre erste Single herausgebracht. In diesem Interview sprechen sie dar\u00fcber, wer sie sind, wie sie zur Musik gekommen sind und was Musik f\u00fcr sie bedeutet. Au\u00dferdem geben sie Einblicke in ihre Inspirationsquellen und erz\u00e4hlen uns spannende &#8220;Behind the Scenes&#8221;-Geschichten aus der Produktion ihrer ersten Single.<\/p>\n<p>Link zu ihrer ersten Single: <a href=\"https:\/\/open.spotify.com\/track\/1yll1zhZazTJDh9wQiMkPp?si=tLLKS2MOToa6_v0PmYueLA\">https:\/\/open.spotify.com\/track\/1yll1zhZazTJDh9wQiMkPp?si=tLLKS2MOToa6_v0PmYueLA<\/a><\/p>\n<div class=\"jetpack-video-wrapper\"><span class=\"embed-youtube\" style=\"text-align:center; display: block;\"><iframe class='youtube-player' width='760' height='428' src='https:\/\/www.youtube.com\/embed\/GIsvr-plwzE?version=3&#038;rel=1&#038;showsearch=0&#038;showinfo=1&#038;iv_load_policy=1&#038;fs=1&#038;hl=de-DE&#038;autohide=2&#038;wmode=transparent' allowfullscreen='true' style='border:0;' sandbox='allow-scripts allow-same-origin allow-popups allow-presentation'><\/iframe><\/span><\/div>\n","protected":false},"excerpt":{"rendered":"<p>Vor gut zwei Monaten haben TEDDY, bestehend aus Guy Burwell und Dominic Graf, ihre erste Single herausgebracht. In diesem Interview sprechen sie dar\u00fcber, wer sie &hellip; <\/p>\n","protected":false},"author":83,"featured_media":5097,"comment_status":"closed","ping_status":"closed","sticky":false,"template":"","format":"video","meta":{"spay_email":"","jetpack_publicize_message":"","jetpack_is_tweetstorm":false},"categories":[1,65,6,9],"tags":[419,416,415,57,417,418,414],"jetpack_featured_media_url":"https:\/\/i1.wp.com\/kantilive.ch\/wp-content\/uploads\/2024\/09\/Screenshot-2024-09-28-222609.png?fit=654%2C654&ssl=1","jetpack_publicize_connections":[],"jetpack_sharing_enabled":true,"jetpack_shortlink":"https:\/\/wp.me\/pav19Q-1kc","jetpack-related-posts":[{"id":3502,"url":"https:\/\/kantilive.ch\/index.php\/2021\/12\/16\/reinhoeren-ins-adventskonzert-interview-mit-solistin-laura-oss\/","url_meta":{"origin":5096,"position":0},"title":"Reinh\u00f6ren ins Adventskonzert - Interview mit Solistin Laura Oss","date":"16. Dezember 2021","format":false,"excerpt":"Die Musik ist ein wichtiger und wundersch\u00f6ner Teil der KSBG. Die zahlreichen Bands, Orchester, Ch\u00f6re und Veranstaltungen sind daf\u00fcr Beweis. Die Musiker und Musikerinnen haben unter anderem die Chance beim Musikpreis der Studienstiftung ihr K\u00f6nnen zu zeigen. Wir haben uns mit der Gewinnerin dieses Wettbewerbs und Solistin beim Adventskonzert getroffen.\u2026","rel":"","context":"In &quot;Allgemein&quot;","img":{"alt_text":"","src":"https:\/\/i0.wp.com\/kantilive.ch\/wp-content\/uploads\/2021\/12\/IMG_4423.jpeg?fit=1024%2C809&ssl=1&resize=350%2C200","width":350,"height":200},"classes":[]},{"id":5155,"url":"https:\/\/kantilive.ch\/index.php\/2024\/11\/23\/musical-als-maturaarbeit-exklusives-interview-mit-christina-klein-und-cohen-herzig-aus-west-wishes\/","url_meta":{"origin":5096,"position":1},"title":"Musical als Maturaarbeit? - Exklusives Interview mit Christina Klein und Cohen Herzig aus \u201eWest Wishes\u201c","date":"23. November 2024","format":false,"excerpt":"kanti live pr\u00e4sentiert ein besonderes Highlight! In einem exklusiven Interview erz\u00e4hlen die Regisseurin Christina Klein und einer der beiden Hauptdarsteller, Cohen Herzig, von der Entstehung des diesj\u00e4hrigen Sch\u00fclermusicals. Erfahren Sie mehr \u00fcber den kreativen Prozess hinter der Idee und die Inspirationen, die das Team befl\u00fcgelt haben. Das Interview bietet spannende\u2026","rel":"","context":"In &quot;Allgemein&quot;","img":{"alt_text":"","src":"https:\/\/i1.wp.com\/kantilive.ch\/wp-content\/uploads\/2024\/11\/Interview-West-Wishes-Thumbnail.png?fit=1200%2C675&ssl=1&resize=350%2C200","width":350,"height":200},"classes":[]},{"id":5137,"url":"https:\/\/kantilive.ch\/index.php\/2024\/11\/10\/bandnight-24\/","url_meta":{"origin":5096,"position":2},"title":"Musikszene der Kanti: L8 Nights","date":"10. November 2024","format":"video","excerpt":"L8 Nights, noch nicht geh\u00f6rt? Nun in Zukunft wirst du sie \u00f6fters h\u00f6ren. Dylan, Giannina, Guy, Helena, Luisa, Marco und Nikolina rocken gemeinsam die Bude! Wie die junge Band entstanden ist und wer sie sind erz\u00e4hlen sie uns in diesem Interview. Seid gespannt in die Musikszene der Kanti einzutauchen und\u2026","rel":"","context":"In &quot;Bands&quot;","img":{"alt_text":"","src":"https:\/\/i1.wp.com\/kantilive.ch\/wp-content\/uploads\/2024\/11\/Beitragsbild-bandnight-24.jpg?fit=1200%2C800&ssl=1&resize=350%2C200","width":350,"height":200},"classes":[]},{"id":1430,"url":"https:\/\/kantilive.ch\/index.php\/2020\/03\/25\/fernunterricht-in-der-fachgruppe-deutsch\/","url_meta":{"origin":5096,"position":3},"title":"Fernunterricht in der Fachgruppe Deutsch","date":"25. M\u00e4rz 2020","format":false,"excerpt":"Fachgruppenvorsitzender der Fachgruppe Deutsch ist Peter Ruhstaller. Er hat sich unseren Fragen gestellt. Haben Sie eine allgemeine Herangehensweise fu\u0308r Ihre Fachgruppe vorgeschrieben? Wenn ja, welche wa\u0308re das? (Direkter Austausch, Arbeitsauftra\u0308ge etc.) Wir sind frei, wie wir den Fernunterricht gestalten. Glauben Sie, dass in diesen zwei Wochen bis zu den Fru\u0308hlingsferien\u2026","rel":"","context":"In &quot;Corona&quot;","img":{"alt_text":"","src":"","width":0,"height":0},"classes":[]},{"id":4007,"url":"https:\/\/kantilive.ch\/index.php\/2022\/05\/06\/klischees-ueber-schwerpunkte-meiner-ist-der-beste\/","url_meta":{"origin":5096,"position":4},"title":"Klischees \u00fcber Schwerpunkte: \"Meiner ist der beste!\"","date":"6. Mai 2022","format":false,"excerpt":"Wie sehen eigentlich die typischen Kanti-Sch\u00fcler*innen aus? Das ist schwierig zu sagen, denn an der KSBG gibt es viel zu viele verschiedene Menschen. Wenn man aber in Schwerpunkte gliedert, wird das Ganze etwas leichter. Deshalb hat unser Wissenschafts-Team (also ich und eine Forms-Umfrage) keine Kosten und M\u00fchen gescheut und hat\u2026","rel":"","context":"In &quot;Personen&quot;","img":{"alt_text":"","src":"https:\/\/i2.wp.com\/kantilive.ch\/wp-content\/uploads\/2022\/05\/Schwerpunkte.jpg?fit=1200%2C870&ssl=1&resize=350%2C200","width":350,"height":200},"classes":[]},{"id":619,"url":"https:\/\/kantilive.ch\/index.php\/2019\/05\/20\/kanti-bands-im-flon-und-was-dahinter-steckt\/","url_meta":{"origin":5096,"position":5},"title":"Kanti Bands im Flon \u2013 und was dahinter steckt","date":"20. Mai 2019","format":"gallery","excerpt":"(Bild: Luca Bosin) Joya Marleen, Sips Tea, Sweep und Stumbled Upon traten letzten Samstagabend im Flon auf. Hier sind einige Bilder und Hintergr\u00fcnde der Planung dieses Anlasses. Die Bilder sind am Ende des Beitrags oder auf dieser externen Webseite. Nachdem Carolin bereits einige Zeit im Jugendkulturraum Flon freiwillig t\u00e4tig war,\u2026","rel":"","context":"In &quot;Infos \/ Events&quot;","img":{"alt_text":"","src":"https:\/\/i1.wp.com\/kantilive.ch\/wp-content\/uploads\/2019\/05\/DSC03891-edit.jpg?fit=1200%2C800&ssl=1&resize=350%2C200","width":350,"height":200},"classes":[]}],"_links":{"self":[{"href":"https:\/\/kantilive.ch\/index.php\/wp-json\/wp\/v2\/posts\/5096"}],"collection":[{"href":"https:\/\/kantilive.ch\/index.php\/wp-json\/wp\/v2\/posts"}],"about":[{"href":"https:\/\/kantilive.ch\/index.php\/wp-json\/wp\/v2\/types\/post"}],"author":[{"embeddable":true,"href":"https:\/\/kantilive.ch\/index.php\/wp-json\/wp\/v2\/users\/83"}],"replies":[{"embeddable":true,"href":"https:\/\/kantilive.ch\/index.php\/wp-json\/wp\/v2\/comments?post=5096"}],"version-history":[{"count":3,"href":"https:\/\/kantilive.ch\/index.php\/wp-json\/wp\/v2\/posts\/5096\/revisions"}],"predecessor-version":[{"id":5101,"href":"https:\/\/kantilive.ch\/index.php\/wp-json\/wp\/v2\/posts\/5096\/revisions\/5101"}],"wp:featuredmedia":[{"embeddable":true,"href":"https:\/\/kantilive.ch\/index.php\/wp-json\/wp\/v2\/media\/5097"}],"wp:attachment":[{"href":"https:\/\/kantilive.ch\/index.php\/wp-json\/wp\/v2\/media?parent=5096"}],"wp:term":[{"taxonomy":"category","embeddable":true,"href":"https:\/\/kantilive.ch\/index.php\/wp-json\/wp\/v2\/categories?post=5096"},{"taxonomy":"post_tag","embeddable":true,"href":"https:\/\/kantilive.ch\/index.php\/wp-json\/wp\/v2\/tags?post=5096"}],"curies":[{"name":"wp","href":"https:\/\/api.w.org\/{rel}","templated":true}]}}