{"id":5113,"date":"2024-10-22T20:46:04","date_gmt":"2024-10-22T18:46:04","guid":{"rendered":"https:\/\/kantilive.ch\/?p=5113"},"modified":"2024-10-22T20:46:04","modified_gmt":"2024-10-22T18:46:04","slug":"die-memoiren-eines-undercover-fotografen-auf-der-insel-giglio","status":"publish","type":"post","link":"https:\/\/kantilive.ch\/index.php\/2024\/10\/22\/die-memoiren-eines-undercover-fotografen-auf-der-insel-giglio\/","title":{"rendered":"Die Memoiren eines Undercover-Fotografen: Auf der Insel Giglio"},"content":{"rendered":"<p><span data-contrast=\"auto\">Fotografie ist die Kunst, den sch\u00f6nsten Moment festzuhalten. Theoretisch ist es so &#8211; in der Praxis ist es jedoch schwieriger als auf einen Knopf dr\u00fccken. Es ist noch schwieriger, wenn man Bilder von anderen machen will, ohne dass die es merken.<\/span><span data-ccp-props=\"{}\">\u00a0<\/span><\/p>\n<p><span data-contrast=\"auto\">Ich war einer der 40, die gemeinsam in der ersten Woche der Herbstferien auf der Insel Giglio an einem Meeresbiologiekurs teilgenommen haben. Neben der Rolle des normalen Mitreisenden hatte ich <\/span><span data-contrast=\"none\">noch <\/span><span data-contrast=\"auto\">eine andere Identit\u00e4t: <\/span><span data-contrast=\"none\">die des <\/span><span data-contrast=\"auto\">Fotograf<\/span><span data-contrast=\"none\">en<\/span><span data-contrast=\"auto\">. Eigentlich war ich nicht allein, es sollte<\/span><span data-contrast=\"none\">n<\/span><span data-contrast=\"auto\"> noch 14 andere Menschen dabei sein, die Bilder von der Reise machen.<\/span><span data-ccp-props=\"{}\">\u00a0<\/span><\/p>\n<p><span data-contrast=\"auto\">Als wir am Ziel <\/span><span data-contrast=\"none\">an<\/span><span data-contrast=\"auto\">kamen, wusste ich nicht, wer sonst im Media-Team war. F\u00fcr mich war es wie in einem Spion<\/span><span data-contrast=\"none\">age<\/span><span data-contrast=\"auto\">-Film: Ich wusste, dass es Verb\u00fcndete gab, doch ihre Identit\u00e4ten blieben im Schatten verborgen. Meine Mission war klar: Ich musste Bilder von den anderen machen, ohne dass die von mir fotografierte Person etwas <\/span><span data-contrast=\"none\">bemerken w\u00fcrde<\/span><span data-contrast=\"auto\">.\u00a0<\/span><span data-ccp-props=\"{}\">\u00a0<\/span><\/p>\n<p><img data-attachment-id=\"5114\" data-permalink=\"https:\/\/kantilive.ch\/index.php\/2024\/10\/22\/die-memoiren-eines-undercover-fotografen-auf-der-insel-giglio\/dsc05369\/\" data-orig-file=\"https:\/\/i1.wp.com\/kantilive.ch\/wp-content\/uploads\/2024\/10\/DSC05369-scaled.jpg?fit=2560%2C1707&amp;ssl=1\" data-orig-size=\"2560,1707\" data-comments-opened=\"0\" data-image-meta=\"{&quot;aperture&quot;:&quot;5&quot;,&quot;credit&quot;:&quot;xiong_yihang&quot;,&quot;camera&quot;:&quot;ILCE-7CR&quot;,&quot;caption&quot;:&quot;&quot;,&quot;created_timestamp&quot;:&quot;1727503945&quot;,&quot;copyright&quot;:&quot;&quot;,&quot;focal_length&quot;:&quot;40&quot;,&quot;iso&quot;:&quot;100&quot;,&quot;shutter_speed&quot;:&quot;0.0025&quot;,&quot;title&quot;:&quot;&quot;,&quot;orientation&quot;:&quot;0&quot;}\" data-image-title=\"GiglioFotografBeitrag\" data-image-description=\"\" data-medium-file=\"https:\/\/i1.wp.com\/kantilive.ch\/wp-content\/uploads\/2024\/10\/DSC05369-scaled.jpg?fit=300%2C200&amp;ssl=1\" data-large-file=\"https:\/\/i1.wp.com\/kantilive.ch\/wp-content\/uploads\/2024\/10\/DSC05369-scaled.jpg?fit=760%2C507&amp;ssl=1\" decoding=\"async\" loading=\"lazy\" class=\"alignnone size-full wp-image-5114\" src=\"https:\/\/i1.wp.com\/kantilive.ch\/wp-content\/uploads\/2024\/10\/DSC05369-scaled.jpg?resize=760%2C507\" alt=\"\" width=\"760\" height=\"507\" srcset=\"https:\/\/i1.wp.com\/kantilive.ch\/wp-content\/uploads\/2024\/10\/DSC05369-scaled.jpg?w=2560&amp;ssl=1 2560w, https:\/\/i1.wp.com\/kantilive.ch\/wp-content\/uploads\/2024\/10\/DSC05369-scaled.jpg?resize=300%2C200&amp;ssl=1 300w, https:\/\/i1.wp.com\/kantilive.ch\/wp-content\/uploads\/2024\/10\/DSC05369-scaled.jpg?resize=1024%2C683&amp;ssl=1 1024w, https:\/\/i1.wp.com\/kantilive.ch\/wp-content\/uploads\/2024\/10\/DSC05369-scaled.jpg?resize=768%2C512&amp;ssl=1 768w, https:\/\/i1.wp.com\/kantilive.ch\/wp-content\/uploads\/2024\/10\/DSC05369-scaled.jpg?resize=1536%2C1024&amp;ssl=1 1536w, https:\/\/i1.wp.com\/kantilive.ch\/wp-content\/uploads\/2024\/10\/DSC05369-scaled.jpg?resize=2048%2C1365&amp;ssl=1 2048w, https:\/\/i1.wp.com\/kantilive.ch\/wp-content\/uploads\/2024\/10\/DSC05369-scaled.jpg?resize=600%2C400&amp;ssl=1 600w, https:\/\/i1.wp.com\/kantilive.ch\/wp-content\/uploads\/2024\/10\/DSC05369-scaled.jpg?resize=1320%2C880&amp;ssl=1 1320w, https:\/\/i1.wp.com\/kantilive.ch\/wp-content\/uploads\/2024\/10\/DSC05369-scaled.jpg?w=2280 2280w\" sizes=\"(max-width: 760px) 100vw, 760px\" data-recalc-dims=\"1\" \/><\/p>\n<p><span data-contrast=\"auto\">Warum machte ich mein Leben so <\/span><span data-contrast=\"none\">kompliziert<\/span><span data-contrast=\"auto\">? Ich wollte den Moment so festzuhalten, wie er tats\u00e4chlich war und nicht etwas Inszeniertes fotografieren. Es war auch so, dass mit meinen Inszenierungsf\u00e4higkeiten die fotografierten Personen <\/span><span data-contrast=\"none\">gew\u00f6hnlich<\/span><span data-contrast=\"auto\"> steif und gek\u00fcnstelt <\/span><span data-contrast=\"none\">aussehen<\/span><span data-contrast=\"auto\">. Theoretisch m\u00fcsste ich nur auf den entscheidenden Augenblick warten und diesen <\/span><span data-contrast=\"none\">ein<\/span><span data-contrast=\"auto\">fangen.\u00a0<\/span><span data-ccp-props=\"{}\">\u00a0<\/span><\/p>\n<p><span data-contrast=\"auto\">Aber jetzt ist Schluss mit den sch\u00f6nen Idealen, denn wir wollen die Wirklichkeit konfrontieren. Wegen meines Modus Operandi arbeiteten die Fotografierten nicht mit mir<\/span><i><span data-contrast=\"auto\">.<\/span><\/i><span data-contrast=\"auto\"> Ohne die Unterst\u00fctzung der Modelle stimmte sehr oft <\/span><span data-contrast=\"none\">et<\/span><span data-contrast=\"auto\">was nicht: Geschlossene Augen, merkw\u00fcrdige, aber am\u00fcsante Gesichtsausdr\u00fccke und unscharfe Bilder waren die Norm. Leider <\/span><span data-contrast=\"none\">w<\/span><span data-contrast=\"auto\">ollten solche Exemplare nicht hochgeladen werden, da sie in den falschen H\u00e4nden zur Waffe werden k\u00f6nnten. Vielleicht sind solche Bilder kein Titelbild von der Vogue, aber sie sind immerhin gutes Erpressungsmaterial.<\/span><span data-ccp-props=\"{}\">\u00a0<\/span><\/p>\n<p><span data-contrast=\"auto\">Jeden Tag assen wir gemeinsam Abendessen, das war die Zeit meiner verst\u00e4rkten Spionageaktivit\u00e4ten. Mein Aussehen eines stereotypischen asiatischen Touristen hat mir geholfen, mich beim Fotografieren der anderen w\u00e4hrend des Abendessens unauff\u00e4llig zu verhalten. Trotz meiner Vorsicht flog meine Tarnung auf. Als alle anderen beim Essen sassen und ich als <\/span><span data-contrast=\"none\">E<\/span><span data-contrast=\"auto\">inziger mit einer Kamera herumlief, wer h\u00e4tte <\/span><span data-contrast=\"none\">da <\/span><span data-contrast=\"auto\">gedacht, dass ich dadurch auffliegen w\u00fcrde?<\/span><span data-ccp-props=\"{}\">\u00a0<\/span><\/p>\n<p><span data-contrast=\"auto\">Statt den Rest meines Lebens in einem Gef\u00e4ngnis wegen angeblicher Spionage zu verbringen, wurden meine Dienste mit offenen Armen empfangen. Alle kannten mich nach einem Tag als \u00ab<\/span><span data-contrast=\"none\">den Fotografen<\/span><span data-contrast=\"auto\">\u00bb und wollten Bilder von sich haben. Meine Verb\u00fcndeten haben alle nach meiner Enttarnung ihre Fotooperationen abgebrochen und ich war der Einzige, der Bilder von der Reise machte.<\/span><span data-ccp-props=\"{}\">\u00a0<\/span><\/p>\n<p><span data-contrast=\"auto\">Am Ende der Woche konnte ich meine Mission abschliessen. Kaum zu Hause angekommen, erhielt ich einen neuen Auftrag: Die 1200 Fotos, die ich gemacht hatte, mussten sorgf\u00e4ltig bearbeitet und die besten ausgew\u00e4hlt werden. <\/span><span data-contrast=\"none\">Bei jedem <\/span><span data-contrast=\"auto\">Bild ging <\/span><span data-contrast=\"none\">es <\/span><span data-contrast=\"auto\">um alles oder Nichts \u2013 die Essenz meiner zuk\u00fcnftigen Karriere als Fotograf war in diesen 1200 Fotos gefangen.<\/span><span data-ccp-props=\"{}\">\u00a0<\/span><\/p>\n<p><span data-ccp-props=\"{}\">\u00a0<\/span><\/p>\n","protected":false},"excerpt":{"rendered":"<p>Fotografie ist die Kunst, den sch\u00f6nsten Moment festzuhalten. Theoretisch ist es so &#8211; in der Praxis ist es jedoch schwieriger als auf einen Knopf dr\u00fccken. &hellip; <\/p>\n","protected":false},"author":72,"featured_media":5116,"comment_status":"closed","ping_status":"closed","sticky":false,"template":"","format":"standard","meta":{"spay_email":"","jetpack_publicize_message":"","jetpack_is_tweetstorm":false},"categories":[1,224],"tags":[259,218,358,233,55],"jetpack_featured_media_url":"https:\/\/i0.wp.com\/kantilive.ch\/wp-content\/uploads\/2024\/10\/DSC05554-scaled.jpg?fit=2560%2C1707&ssl=1","jetpack_publicize_connections":[],"jetpack_sharing_enabled":true,"jetpack_shortlink":"https:\/\/wp.me\/pav19Q-1kt","jetpack-related-posts":[{"id":3359,"url":"https:\/\/kantilive.ch\/index.php\/2021\/11\/21\/meeresbiologische-feldarbeitswoche-in-giglio-2021\/","url_meta":{"origin":5113,"position":0},"title":"Meeresbiologische Feldarbeitswoche in Giglio 2021","date":"21. November 2021","format":false,"excerpt":"Nach einer anstrengenden\u00a0Carfahrt\u00a0sind wir am Samstagmittag erfolgreich auf der Insel Giglio angekommen.\u00a0Bevor wir unseren Nachmittag am Strand verbringen konnten, wo wir\u00a0b\u00e4deleten, Volleyball spielten und die Sonne und Ferienstimmung genossen, bezogen wir noch unsere Bungalows.\u00a0Der leckere Znacht\u00a0war der perfekte Ausklang\u00a0f\u00fcr\u00a0diesen\u00a0langen Tag.\u00a0\u00a0 Am Sonntag war dann unser erster Kurstag. In zwei Gruppen\u2026","rel":"","context":"In &quot;Allgemein&quot;","img":{"alt_text":"","src":"https:\/\/i0.wp.com\/kantilive.ch\/wp-content\/uploads\/2021\/10\/WhatsApp-Image-2021-10-25-at-19.52.37.jpeg?fit=1200%2C612&ssl=1&resize=350%2C200","width":350,"height":200},"classes":[]},{"id":2168,"url":"https:\/\/kantilive.ch\/index.php\/2020\/10\/29\/michael-luetolf-die-schule-muesste-einen-groesseren-schritt-richtung-interdisziplinaritaet-machen\/","url_meta":{"origin":5113,"position":1},"title":"Michael L\u00fctolf: \u201eDie Schule m\u00fcsste einen gr\u00f6sseren Schritt Richtung Interdisziplinarit\u00e4t machen\u201c","date":"29. Oktober 2020","format":false,"excerpt":"Big News! Endlich haben wir erfahren, wer ab August 2021 unser neuer Rektor sein wird: Michael L\u00fctolf, der bisherige Prorektor der mathematisch- naturwissenschaftlichen Abteilung. Als Nachfolger von Herrn K\u00f6nig, der nach 14-j\u00e4hriger Amtszeit nun seinen Posten abgibt und in den Ruhestand tritt, wird er sein Amt \u00fcbernehmen. Um unseren zuk\u00fcnftigen\u2026","rel":"","context":"In &quot;Personen&quot;","img":{"alt_text":"","src":"https:\/\/i0.wp.com\/kantilive.ch\/wp-content\/uploads\/2020\/10\/4A7C3C42-0FBD-41E9-BA16-54D5F425D36B.jpeg?fit=1140%2C390&ssl=1&resize=350%2C200","width":350,"height":200},"classes":[]},{"id":508,"url":"https:\/\/kantilive.ch\/index.php\/2019\/03\/15\/508\/","url_meta":{"origin":5113,"position":2},"title":"\u00abEs ist nicht so schlimm, wie alle sagen.\u00bb","date":"15. M\u00e4rz 2019","format":false,"excerpt":"Die Maturaarbeitspr\u00e4sentationen stehen am Nachmittag des 19. M\u00e4rz vor der T\u00fcr, perfekt um unsere Viertkl\u00e4ssler mit Fragen zu l\u00f6chern. Was k\u00f6nnen sie uns zuk\u00fcnftigen Maturaarbeitsverfasser und Maturaarbeitsverfasserinnen f\u00fcr den Arbeitsprozess mit auf den Weg geben? Vier Sch\u00fclerinnen und Sch\u00fcler der Klasse 4fNP geben im Interview ihre wertvollsten Ratschl\u00e4ge ab. Ist\u2026","rel":"","context":"In &quot;Tipps und Tricks&quot;","img":{"alt_text":"","src":"","width":0,"height":0},"classes":[]},{"id":785,"url":"https:\/\/kantilive.ch\/index.php\/2019\/06\/25\/zu-meiner-zeit-hat-es-gereicht-wenn-gesagt-wurde-dass-es-musik-gibt-und-es-nichts-kostet\/","url_meta":{"origin":5113,"position":3},"title":",,Zu meiner Zeit hat es gereicht, wenn gesagt wurde, dass es Musik gibt und es nichts kostet\u2019\u2019","date":"25. Juni 2019","format":false,"excerpt":"(Bild: Harald Greve) Harald Greve ist Religionslehrer an unserer Schule, aber auch Pfarrer in der evangelischen Kirche. Eine Mischung, der man nicht jeden Tag \u00fcber den Weg l\u00e4uft. Darum haben wir uns hingesetzt und mit ihm \u00fcber ,,Gott und die Schule\u2019\u2019 geredet. Erz\u00e4hlen Sie doch mal, wie sind Sie zum\u2026","rel":"","context":"In &quot;Personen&quot;","img":{"alt_text":"","src":"https:\/\/i2.wp.com\/kantilive.ch\/wp-content\/uploads\/2019\/06\/Greve.jpg?fit=400%2C400&ssl=1&resize=350%2C200","width":350,"height":200},"classes":[]},{"id":1150,"url":"https:\/\/kantilive.ch\/index.php\/2019\/11\/08\/die-kantizeit-ist-perfekt-um-in-die-politik-einzusteigen-anna-jaeger-im-portraet\/","url_meta":{"origin":5113,"position":4},"title":"\"Die Kantizeit ist perfekt, um in die Politik einzusteigen.\" - Anna J\u00e4ger im Portr\u00e4t","date":"8. November 2019","format":false,"excerpt":"(Quelle: Anna J\u00e4ger) Anna J\u00e4ger hat im Sommer 2019 ihre Matura abgeschlossen. Die ehemalige Chefredakteurin des Ultimatums befindet sich momentan in einem Zwischenjahr. Doch sie legt sich keineswegs auf die faule Haut. Was im vergangenen halben Jahr alles Spannendes im Leben von Anna J\u00e4ger passiert ist gibts in diesem Interview\u2026","rel":"","context":"In &quot;Allgemein&quot;","img":{"alt_text":"","src":"https:\/\/i0.wp.com\/kantilive.ch\/wp-content\/uploads\/2019\/11\/Ja\u0308ger_gross.png?fit=1200%2C1200&ssl=1&resize=350%2C200","width":350,"height":200},"classes":[]},{"id":3756,"url":"https:\/\/kantilive.ch\/index.php\/2022\/01\/30\/wie-ueberlebt-die-kanti-den-wiederholten-ausfall-der-semesterendsparty\/","url_meta":{"origin":5113,"position":5},"title":"Wie \u00fcberlebt die Kanti den wiederholten Ausfall der Semesterendsparty?","date":"30. Januar 2022","format":false,"excerpt":"Mit dr\u00f6hnendem Kopf gegen Mittag langsam aus dem Bett kriechen und sich den ersten Kaffee machen - so h\u00e4tte der Samstag f\u00fcr die meisten Kantisch\u00fcler*innen wohl ausgesehen, wenn die Semesterendsparty stattgefunden h\u00e4tte. Diese musste wie im Vorjahr aufgrund von Corona abgesagt werden. Die Entt\u00e4uschung ist nicht \u00fcberall gleich gross. Die\u2026","rel":"","context":"In &quot;Allgemein&quot;","img":{"alt_text":"","src":"https:\/\/i2.wp.com\/kantilive.ch\/wp-content\/uploads\/2022\/01\/DSC08130-edit-scaled.jpg?fit=1200%2C800&ssl=1&resize=350%2C200","width":350,"height":200},"classes":[]}],"_links":{"self":[{"href":"https:\/\/kantilive.ch\/index.php\/wp-json\/wp\/v2\/posts\/5113"}],"collection":[{"href":"https:\/\/kantilive.ch\/index.php\/wp-json\/wp\/v2\/posts"}],"about":[{"href":"https:\/\/kantilive.ch\/index.php\/wp-json\/wp\/v2\/types\/post"}],"author":[{"embeddable":true,"href":"https:\/\/kantilive.ch\/index.php\/wp-json\/wp\/v2\/users\/72"}],"replies":[{"embeddable":true,"href":"https:\/\/kantilive.ch\/index.php\/wp-json\/wp\/v2\/comments?post=5113"}],"version-history":[{"count":3,"href":"https:\/\/kantilive.ch\/index.php\/wp-json\/wp\/v2\/posts\/5113\/revisions"}],"predecessor-version":[{"id":5118,"href":"https:\/\/kantilive.ch\/index.php\/wp-json\/wp\/v2\/posts\/5113\/revisions\/5118"}],"wp:featuredmedia":[{"embeddable":true,"href":"https:\/\/kantilive.ch\/index.php\/wp-json\/wp\/v2\/media\/5116"}],"wp:attachment":[{"href":"https:\/\/kantilive.ch\/index.php\/wp-json\/wp\/v2\/media?parent=5113"}],"wp:term":[{"taxonomy":"category","embeddable":true,"href":"https:\/\/kantilive.ch\/index.php\/wp-json\/wp\/v2\/categories?post=5113"},{"taxonomy":"post_tag","embeddable":true,"href":"https:\/\/kantilive.ch\/index.php\/wp-json\/wp\/v2\/tags?post=5113"}],"curies":[{"name":"wp","href":"https:\/\/api.w.org\/{rel}","templated":true}]}}