{"id":5215,"date":"2025-02-16T12:02:48","date_gmt":"2025-02-16T11:02:48","guid":{"rendered":"https:\/\/kantilive.ch\/?p=5215"},"modified":"2025-02-16T12:04:39","modified_gmt":"2025-02-16T11:04:39","slug":"rdfz2025","status":"publish","type":"post","link":"https:\/\/kantilive.ch\/index.php\/2025\/02\/16\/rdfz2025\/","title":{"rendered":"Kantitalk: Interview mit der Delegation aus China"},"content":{"rendered":"<p>In der letzten zwei Wochen war eine Ver\u00e4nderung im Schulealltag zu beobachten: Im Gang der Schule waren deutlich mehr asiatische Gesichter zu sehen. Nach langer Zeit kamen wieder Austauschsch\u00fcler von der Renda Fuzhong, einem der besten Gymnasium in ganz China. Nat\u00fcrlich mussten wir diese Chance ergreifen, da viele von uns neugierig auf das Leben in China sind. In diesem Interview haben wir die folgende Fragen gestellt:<\/p>\n<ol>\n<li>Welche Eindr\u00fccke haben sie von der Schweiz?<\/li>\n<li>Was sind die Unterschiede oder Gemeinsamkeiten zwischen dem Schulleben in China und in der Schweiz?<\/li>\n<li>Wie finden sie das Essen in der Schweiz?<\/li>\n<li>Wie finden sie Schweizerdeutsch?<\/li>\n<\/ol>\n<div class=\"jetpack-video-wrapper\"><span class=\"embed-youtube\" style=\"text-align:center; display: block;\"><iframe class='youtube-player' width='760' height='428' src='https:\/\/www.youtube.com\/embed\/wUTknr_SSNo?version=3&#038;rel=1&#038;showsearch=0&#038;showinfo=1&#038;iv_load_policy=1&#038;fs=1&#038;hl=de-DE&#038;autohide=2&#038;wmode=transparent' allowfullscreen='true' style='border:0;' sandbox='allow-scripts allow-same-origin allow-popups allow-presentation'><\/iframe><\/span><\/div>\n","protected":false},"excerpt":{"rendered":"<p>In der letzten zwei Wochen war eine Ver\u00e4nderung im Schulealltag zu beobachten: Im Gang der Schule waren deutlich mehr asiatische Gesichter zu sehen. Nach langer &hellip; <\/p>\n","protected":false},"author":72,"featured_media":5219,"comment_status":"closed","ping_status":"closed","sticky":false,"template":"","format":"standard","meta":{"spay_email":"","jetpack_publicize_message":"","jetpack_is_tweetstorm":false},"categories":[1,304,6,9],"tags":[263,57,426,305,327,55],"jetpack_featured_media_url":"https:\/\/i0.wp.com\/kantilive.ch\/wp-content\/uploads\/2025\/02\/Screenshot-2025-02-16-120004.png?fit=1582%2C878&ssl=1","jetpack_publicize_connections":[],"jetpack_sharing_enabled":true,"jetpack_shortlink":"https:\/\/wp.me\/sav19Q-rdfz2025","jetpack-related-posts":[{"id":5235,"url":"https:\/\/kantilive.ch\/index.php\/2025\/03\/15\/i-giacometti\/","url_meta":{"origin":5215,"position":0},"title":"I Giacometti","date":"15. M\u00e4rz 2025","format":false,"excerpt":"In den vergangenen Wochen wurde unsere Schule in eine kleine Kunstgalerie verwandelt. Anlass war eine besondere Ausstellung im Mittelrisalit, die dem Schweizer Bildhauer und Maler Alberto Giacometti gewidmet war. Manch einer kennt ihn von seiner Abbildung auf der ehemaligen 100-Franken-Note oder durch seine charakteristischen langgezogenen Figuren. Ein Highlight des Projekts\u2026","rel":"","context":"In &quot;Infos \/ Events&quot;","img":{"alt_text":"","src":"https:\/\/i1.wp.com\/kantilive.ch\/wp-content\/uploads\/2025\/03\/Screenshot-2025-03-15-154618.png?fit=1022%2C762&ssl=1&resize=350%2C200","width":350,"height":200},"classes":[]},{"id":1218,"url":"https:\/\/kantilive.ch\/index.php\/2019\/12\/10\/wir-haben-auch-eine-verbindung\/","url_meta":{"origin":5215,"position":1},"title":"\u201eWir haben auch eine Verbindung!\u201c","date":"10. Dezember 2019","format":false,"excerpt":"(Quelle: Adrasteia Sangallensis) Nicht nur die \u00e4lteste M\u00e4nnerverbindung der Schweiz feierte dieses Jahr ein rundes Jubil\u00e4um, sondern auch die \u00e4lteste Frauenverbindung der Schweiz: die Adrasteia Sangallensis. Im Gegensatz zur Zofingia, die es schon seit 200 Jahren gibt, zelebriert die Adrasteia jedoch \u201enur\u201c ihr 30-j\u00e4hriges Bestehen. Am Nachmittag des 30. November\u2026","rel":"","context":"In &quot;Allgemein&quot;","img":{"alt_text":"","src":"https:\/\/i2.wp.com\/kantilive.ch\/wp-content\/uploads\/2019\/12\/BCEA88A4-F04E-4C27-B573-8773BA924FD8.jpeg?fit=1200%2C900&ssl=1&resize=350%2C200","width":350,"height":200},"classes":[]},{"id":1171,"url":"https:\/\/kantilive.ch\/index.php\/2019\/11\/16\/an-der-kanti-wird-politisiert\/","url_meta":{"origin":5215,"position":2},"title":"An der Kanti wird politisiert...","date":"16. November 2019","format":false,"excerpt":"(Quelle: Momoko Berthold) Am 25. November findet an der Kantonsschule am Burgraben zum zweiten Mal der Politiktag statt. Die angemeldeten vierten Klassen werden einen Morgen lang in einem Vortrag, Workshops und Diskussionsrunden verschiedene Aspekte des Themas Medien und Kommunikation in der Politik behandeln. Der Anlass wird ausschliesslich von einem Komitee\u2026","rel":"","context":"In &quot;Allgemein&quot;","img":{"alt_text":"","src":"https:\/\/i1.wp.com\/kantilive.ch\/wp-content\/uploads\/2019\/11\/953F52CD-733E-48AC-BC37-BE8A3BABA5E7.jpeg?fit=1200%2C1181&ssl=1&resize=350%2C200","width":350,"height":200},"classes":[]},{"id":1096,"url":"https:\/\/kantilive.ch\/index.php\/2019\/10\/29\/die-ksbg-geht-nach-sion\/","url_meta":{"origin":5215,"position":3},"title":"Die KSBG geht nach Sion","date":"29. Oktober 2019","format":false,"excerpt":"Wie schon alle mitbekommen haben, geht die ganze Schule im n\u00e4chsten Semester im Mai nach Sion. Wir wollten Genaueres \u00fcber die Schulreise wissen und haben unseren Rektor Marc K\u00f6nig ausgefragt. Da die Meinung der Sch\u00fclerinnen und Sch\u00fcler an unserer Schule von grosser Bedeutung ist, ergriffen wir die M\u00f6glichkeit und stellten\u2026","rel":"","context":"In &quot;Allgemein&quot;","img":{"alt_text":"","src":"","width":0,"height":0},"classes":[]},{"id":2168,"url":"https:\/\/kantilive.ch\/index.php\/2020\/10\/29\/michael-luetolf-die-schule-muesste-einen-groesseren-schritt-richtung-interdisziplinaritaet-machen\/","url_meta":{"origin":5215,"position":4},"title":"Michael L\u00fctolf: \u201eDie Schule m\u00fcsste einen gr\u00f6sseren Schritt Richtung Interdisziplinarit\u00e4t machen\u201c","date":"29. Oktober 2020","format":false,"excerpt":"Big News! Endlich haben wir erfahren, wer ab August 2021 unser neuer Rektor sein wird: Michael L\u00fctolf, der bisherige Prorektor der mathematisch- naturwissenschaftlichen Abteilung. Als Nachfolger von Herrn K\u00f6nig, der nach 14-j\u00e4hriger Amtszeit nun seinen Posten abgibt und in den Ruhestand tritt, wird er sein Amt \u00fcbernehmen. Um unseren zuk\u00fcnftigen\u2026","rel":"","context":"In &quot;Personen&quot;","img":{"alt_text":"","src":"https:\/\/i0.wp.com\/kantilive.ch\/wp-content\/uploads\/2020\/10\/4A7C3C42-0FBD-41E9-BA16-54D5F425D36B.jpeg?fit=1140%2C390&ssl=1&resize=350%2C200","width":350,"height":200},"classes":[]},{"id":3300,"url":"https:\/\/kantilive.ch\/index.php\/2021\/09\/30\/sind-iblerinnen-die-elite-der-kanti-herr-luetolf\/","url_meta":{"origin":5215,"position":5},"title":"Sind IBler*innen die Elite der Kanti, Herr L\u00fctolf?","date":"30. September 2021","format":false,"excerpt":"Seit 2017 bietet die KSBG das IB Diploma Program an, 2019 hat die erste Klasse ihre Diplome erhalten. Im Interview mit Samuel Diggelmann und Finn Bogdan erkl\u00e4rt der Rektor Michael L\u00fctolf, was das IB eigentlich ist und was es den Sch\u00fcler*innen bringt. \u00a0 Herr L\u00fctolf, Sie sind seit bald sieben\u2026","rel":"","context":"In &quot;Allgemein&quot;","img":{"alt_text":"","src":"https:\/\/i0.wp.com\/kantilive.ch\/wp-content\/uploads\/2021\/09\/A5FB40EF-2DB9-4C79-AD92-A85166BA6F5D-scaled.jpeg?fit=1200%2C900&ssl=1&resize=350%2C200","width":350,"height":200},"classes":[]}],"_links":{"self":[{"href":"https:\/\/kantilive.ch\/index.php\/wp-json\/wp\/v2\/posts\/5215"}],"collection":[{"href":"https:\/\/kantilive.ch\/index.php\/wp-json\/wp\/v2\/posts"}],"about":[{"href":"https:\/\/kantilive.ch\/index.php\/wp-json\/wp\/v2\/types\/post"}],"author":[{"embeddable":true,"href":"https:\/\/kantilive.ch\/index.php\/wp-json\/wp\/v2\/users\/72"}],"replies":[{"embeddable":true,"href":"https:\/\/kantilive.ch\/index.php\/wp-json\/wp\/v2\/comments?post=5215"}],"version-history":[{"count":3,"href":"https:\/\/kantilive.ch\/index.php\/wp-json\/wp\/v2\/posts\/5215\/revisions"}],"predecessor-version":[{"id":5222,"href":"https:\/\/kantilive.ch\/index.php\/wp-json\/wp\/v2\/posts\/5215\/revisions\/5222"}],"wp:featuredmedia":[{"embeddable":true,"href":"https:\/\/kantilive.ch\/index.php\/wp-json\/wp\/v2\/media\/5219"}],"wp:attachment":[{"href":"https:\/\/kantilive.ch\/index.php\/wp-json\/wp\/v2\/media?parent=5215"}],"wp:term":[{"taxonomy":"category","embeddable":true,"href":"https:\/\/kantilive.ch\/index.php\/wp-json\/wp\/v2\/categories?post=5215"},{"taxonomy":"post_tag","embeddable":true,"href":"https:\/\/kantilive.ch\/index.php\/wp-json\/wp\/v2\/tags?post=5215"}],"curies":[{"name":"wp","href":"https:\/\/api.w.org\/{rel}","templated":true}]}}