{"id":5393,"date":"2025-06-11T20:52:07","date_gmt":"2025-06-11T18:52:07","guid":{"rendered":"https:\/\/kantilive.ch\/?p=5393"},"modified":"2025-06-11T20:52:07","modified_gmt":"2025-06-11T18:52:07","slug":"interview-mit-prorektorin-frau-fleischmann","status":"publish","type":"post","link":"https:\/\/kantilive.ch\/index.php\/2025\/06\/11\/interview-mit-prorektorin-frau-fleischmann\/","title":{"rendered":"Interview mit Prorektorin Frau Fleischmann"},"content":{"rendered":"<p>Seit dem letzten August ist Yvonne Fleischmann als Prorektorin f\u00fcr das Untergymnasium zust\u00e4ndig und zu ihrem Beruf und ihren Aufgaben habe ich ihr einige Fragen gestellt.<\/p>\n<h4>Welche Regeln haben sie am UG ge\u00e4ndert?<\/h4>\n<p>Da w\u00e4ren zum einen das Handyverbot, das seit kurzem in der Mensa gilt, die Klausuren-Ordnung und das Promotionsreglement. Die wurden ge\u00e4ndert, weil sie zum Teil noch nicht auf das UG abgestimmt waren. Ausserdem wird der Welschland-Austausch abgebrochen, er war organisatorisch in letzter Zeit schwer umzusetzen, er wird aber ersetzt werden.<\/p>\n<h4>Wie und wann wussten sie, dass sie diesen Beruf machen wollen?<\/h4>\n<p>Als die Stelle frei wurde Zuerst konnte ich es mir gar nicht vorstellen, diese Aufgaben zu \u00fcbernehmen, aber ich teile mir den Beruf mit Christian Widmer, dadurch gibt es einen Prorektor mehr und die Aufgaben werden f\u00fcr uns beide weniger.<\/p>\n<h4>Apropos Aufgaben, was sind die gr\u00f6ssten Herausforderungen beim F\u00fchren des Untergymnasiums?<\/h4>\n<p>Sehr stressig sind die Phasen vor den Aufnahmepr\u00fcfungen, da gibt es f\u00fcr mich als UG-Chefin viel zu tun. Pers\u00f6nliche Probleme von Sch\u00fcler*innen sind auch schwer, schliesslich brauchen alle eigene L\u00f6sungen.<\/p>\n<h4>\u00a0Was macht Ihnen an ihrem Beruf am meisten Freude?<\/h4>\n<p>Wie ich schon sagte, ist es schwer sich um die individuellen Probleme zu k\u00fcmmern, aber ich finde es auch toll zu sehen, wenn ich Sch\u00fcler*innen helfen konnte.<\/p>\n<h4>Wie sehen Sie die Zukunft des Untergymnasiums? Wo sehen Sie die gr\u00f6ssten Herausforderungen und Ver\u00e4nderungen?<\/h4>\n<p>Das UG soll sich auf jeden Fall weiterhin auf Begabtenf\u00f6rderung konzentrieren, eventuell werden auch f\u00fcr das UG Schwerpunktf\u00e4cher eingef\u00fchrt. Herausforderungen sehe ich in den Tablets, die das UG seit 2 Jahren benutzt, es gab jetzt schon einige technische- oder Suchtprobleme, deshalb gibt es jetzt auch das Ger\u00e4teverbot in der Mensa<\/p>\n<h4>Als Prorektorin f\u00fcrs UG, kennen sie da alle UG-ler*innen?<\/h4>\n<p>Nein, aber ich bin ja auch Lehrerin, deshalb kenne ich die aus meiner Klasse. Ausserdem die besonders engagierten, zum Beispiel die, die sich durch den K\u00e4nguru-Wettbewerb f\u00fcr die ETH qualifizieren, oder eben die, die h\u00e4ufiger nachsitzen m\u00fcssen. Die Sch\u00fcler*innen, die nicht h\u00e4ufiger bei mir sind kenne ich nicht so gut.<\/p>\n<h4>Haben sie einen Snack, den sie immer dabeihaben?<\/h4>\n<p>Tats\u00e4chlich ja, ich habe immer Br\u00fcggeli dabei, die verteile ich aber meistens an andere, vor allem bei langen Meetings, wenn die Energie langsam ausgeht, hilft Schokolade.<\/p>\n<h4>Vielen Dank f\u00fcr ihre Zeit und das Interview.<\/h4>\n<p>Sehr gern, ich fand es auch interessant.<\/p>\n","protected":false},"excerpt":{"rendered":"<p>Seit dem letzten August ist Yvonne Fleischmann als Prorektorin f\u00fcr das Untergymnasium zust\u00e4ndig und zu ihrem Beruf und ihren Aufgaben habe ich ihr einige Fragen &hellip; <\/p>\n","protected":false},"author":79,"featured_media":5394,"comment_status":"closed","ping_status":"closed","sticky":false,"template":"","format":"standard","meta":{"spay_email":"","jetpack_publicize_message":"","jetpack_is_tweetstorm":false},"categories":[6],"tags":[],"jetpack_featured_media_url":"https:\/\/i0.wp.com\/kantilive.ch\/wp-content\/uploads\/2025\/06\/fleischmann.png?fit=300%2C450&ssl=1","jetpack_publicize_connections":[],"jetpack_sharing_enabled":true,"jetpack_shortlink":"https:\/\/wp.me\/pav19Q-1oZ","jetpack-related-posts":[{"id":2168,"url":"https:\/\/kantilive.ch\/index.php\/2020\/10\/29\/michael-luetolf-die-schule-muesste-einen-groesseren-schritt-richtung-interdisziplinaritaet-machen\/","url_meta":{"origin":5393,"position":0},"title":"Michael L\u00fctolf: \u201eDie Schule m\u00fcsste einen gr\u00f6sseren Schritt Richtung Interdisziplinarit\u00e4t machen\u201c","date":"29. Oktober 2020","format":false,"excerpt":"Big News! Endlich haben wir erfahren, wer ab August 2021 unser neuer Rektor sein wird: Michael L\u00fctolf, der bisherige Prorektor der mathematisch- naturwissenschaftlichen Abteilung. Als Nachfolger von Herrn K\u00f6nig, der nach 14-j\u00e4hriger Amtszeit nun seinen Posten abgibt und in den Ruhestand tritt, wird er sein Amt \u00fcbernehmen. Um unseren zuk\u00fcnftigen\u2026","rel":"","context":"In &quot;Personen&quot;","img":{"alt_text":"","src":"https:\/\/i0.wp.com\/kantilive.ch\/wp-content\/uploads\/2020\/10\/4A7C3C42-0FBD-41E9-BA16-54D5F425D36B.jpeg?fit=1140%2C390&ssl=1&resize=350%2C200","width":350,"height":200},"classes":[]},{"id":1067,"url":"https:\/\/kantilive.ch\/index.php\/2019\/09\/27\/ich-gehoerte-damals-eher-zu-den-ruhigen-schuelerinnen-die-zwar-im-kopf-beim-unterricht-dabei-waren-aber-nicht-gerne-die-hand-gehoben-haben-um-etwas-zu-sagen\/","url_meta":{"origin":5393,"position":1},"title":",,Ich geh\u00f6rte damals eher zu den ruhigen Sch\u00fclerinnen, die zwar im Kopf beim Unterricht dabei waren, aber nicht gerne die Hand gehoben haben, um etwas zu sagen.''","date":"27. September 2019","format":false,"excerpt":"Olivia Inauen, Lehrerin f\u00fcr Englisch und Franz\u00f6sisch an unserer Schule, war auch einmal Sch\u00fclerin an der KSBG. Wir haben sie zu ihrer Schulzeit befragt und versucht herauszufinden, was sich seit ihrer Schulzeit alles ver\u00e4ndert hat. Frau Inauen, wie hat sich die KSBG ver\u00e4ndert seit sie hier zur Schule gegangen sind?\u2026","rel":"","context":"In &quot;Allgemein&quot;","img":{"alt_text":"","src":"https:\/\/i2.wp.com\/kantilive.ch\/wp-content\/uploads\/2019\/09\/20190520_201054968_iOS-225x300.jpg?resize=350%2C200","width":350,"height":200},"classes":[]},{"id":568,"url":"https:\/\/kantilive.ch\/index.php\/2019\/04\/26\/die-kleidung-war-fuerchterlich-aber-wir-haben-uns-gut-darin-gefuehlt\/","url_meta":{"origin":5393,"position":2},"title":"\u00abDie Kleidung war f\u00fcrchterlich, aber wir haben uns gut darin gef\u00fchlt\u00bb","date":"26. April 2019","format":false,"excerpt":"Prorektor Stefan Strasser, f\u00fcr manche wegen gewagter Krawatten und seiner Liebe zu Converse-Schuhen die Modeikone der KSBG, gibt dem k\u00fcrzlich verstorbenen Karl Lagerfeld Recht: Wer Jogginghosen tr\u00e4gt, hat die Kontrolle \u00fcber das Leben verloren. Ein Gespr\u00e4ch \u00fcber Mode \u2013 und \u00fcber die Zeit, als Strasser selber noch Sch\u00fcler war. Um\u2026","rel":"","context":"In &quot;Personen&quot;","img":{"alt_text":"","src":"https:\/\/i0.wp.com\/kantilive.ch\/wp-content\/uploads\/2019\/04\/das-e1556279025807.jpg?fit=533%2C800&ssl=1&resize=350%2C200","width":350,"height":200},"classes":[]},{"id":5188,"url":"https:\/\/kantilive.ch\/index.php\/2025\/01\/08\/der-oekopilot\/","url_meta":{"origin":5393,"position":3},"title":"Der \u00d6kopilot","date":"8. Januar 2025","format":false,"excerpt":"Herr Sieber unterrichtet seit acht Jahren an der KSBG in den F\u00e4chern Geografie und Informatik. Was ihn auszeichnet: Sein grosser CO2-Fussabdruck, den er sich in zehn Jahren Pilotendasein zugelegt hat. Heute kommt er so oft wie m\u00f6glich mit dem Fahrrad zur Schule. Im Interview erz\u00e4hlt er von einer verschwenderischen Generation\u2026","rel":"","context":"In &quot;Allgemein&quot;","img":{"alt_text":"","src":"https:\/\/i2.wp.com\/kantilive.ch\/wp-content\/uploads\/2025\/01\/oekopilot.jpeg?fit=1023%2C682&ssl=1&resize=350%2C200","width":350,"height":200},"classes":[]},{"id":1568,"url":"https:\/\/kantilive.ch\/index.php\/2020\/04\/15\/fcsg-trainer-peter-zeidler-ueber-covid-19-und-seine-vergangenheit-als-lehrer\/","url_meta":{"origin":5393,"position":4},"title":"FCSG-Trainer Peter Zeidler \u00fcber Covid-19 und seine Vergangenheit als Lehrer","date":"15. April 2020","format":false,"excerpt":"In Zeiten der Coronakrise steht vieles still. S\u00e4mtliche Fussballspiele wurden vor\u00fcbergehend gestrichen. Wir haben Peter Zeidler, Cheftrainer des FC St. Gallen 1879, gefragt, wie er die momentane Situation erlebt und er gibt uns Einblicke in seine Vergangenheit als Franz\u00f6sischlehrer. Die Schulen stehen aufgrund des Coronavirus vor einer der gr\u00f6ssten Aufgaben\u2026","rel":"","context":"In &quot;Allgemein&quot;","img":{"alt_text":"","src":"https:\/\/i1.wp.com\/kantilive.ch\/wp-content\/uploads\/2020\/04\/6E35E72B-D6A9-42E8-AAB1-14A199D9B470.png?fit=1000%2C1000&ssl=1&resize=350%2C200","width":350,"height":200},"classes":[]},{"id":785,"url":"https:\/\/kantilive.ch\/index.php\/2019\/06\/25\/zu-meiner-zeit-hat-es-gereicht-wenn-gesagt-wurde-dass-es-musik-gibt-und-es-nichts-kostet\/","url_meta":{"origin":5393,"position":5},"title":",,Zu meiner Zeit hat es gereicht, wenn gesagt wurde, dass es Musik gibt und es nichts kostet\u2019\u2019","date":"25. Juni 2019","format":false,"excerpt":"(Bild: Harald Greve) Harald Greve ist Religionslehrer an unserer Schule, aber auch Pfarrer in der evangelischen Kirche. Eine Mischung, der man nicht jeden Tag \u00fcber den Weg l\u00e4uft. Darum haben wir uns hingesetzt und mit ihm \u00fcber ,,Gott und die Schule\u2019\u2019 geredet. Erz\u00e4hlen Sie doch mal, wie sind Sie zum\u2026","rel":"","context":"In &quot;Personen&quot;","img":{"alt_text":"","src":"https:\/\/i2.wp.com\/kantilive.ch\/wp-content\/uploads\/2019\/06\/Greve.jpg?fit=400%2C400&ssl=1&resize=350%2C200","width":350,"height":200},"classes":[]}],"_links":{"self":[{"href":"https:\/\/kantilive.ch\/index.php\/wp-json\/wp\/v2\/posts\/5393"}],"collection":[{"href":"https:\/\/kantilive.ch\/index.php\/wp-json\/wp\/v2\/posts"}],"about":[{"href":"https:\/\/kantilive.ch\/index.php\/wp-json\/wp\/v2\/types\/post"}],"author":[{"embeddable":true,"href":"https:\/\/kantilive.ch\/index.php\/wp-json\/wp\/v2\/users\/79"}],"replies":[{"embeddable":true,"href":"https:\/\/kantilive.ch\/index.php\/wp-json\/wp\/v2\/comments?post=5393"}],"version-history":[{"count":1,"href":"https:\/\/kantilive.ch\/index.php\/wp-json\/wp\/v2\/posts\/5393\/revisions"}],"predecessor-version":[{"id":5396,"href":"https:\/\/kantilive.ch\/index.php\/wp-json\/wp\/v2\/posts\/5393\/revisions\/5396"}],"wp:featuredmedia":[{"embeddable":true,"href":"https:\/\/kantilive.ch\/index.php\/wp-json\/wp\/v2\/media\/5394"}],"wp:attachment":[{"href":"https:\/\/kantilive.ch\/index.php\/wp-json\/wp\/v2\/media?parent=5393"}],"wp:term":[{"taxonomy":"category","embeddable":true,"href":"https:\/\/kantilive.ch\/index.php\/wp-json\/wp\/v2\/categories?post=5393"},{"taxonomy":"post_tag","embeddable":true,"href":"https:\/\/kantilive.ch\/index.php\/wp-json\/wp\/v2\/tags?post=5393"}],"curies":[{"name":"wp","href":"https:\/\/api.w.org\/{rel}","templated":true}]}}