{"id":998,"date":"2019-09-16T19:08:27","date_gmt":"2019-09-16T17:08:27","guid":{"rendered":"http:\/\/kantilive.ch\/?p=998"},"modified":"2019-09-17T22:00:31","modified_gmt":"2019-09-17T20:00:31","slug":"filme-fuer-die-erde-ein-fest-fuer-das-leben","status":"publish","type":"post","link":"https:\/\/kantilive.ch\/index.php\/2019\/09\/16\/filme-fuer-die-erde-ein-fest-fuer-das-leben\/","title":{"rendered":"Filme f\u00fcr die Erde: Ein Fest f\u00fcr das Leben"},"content":{"rendered":"<p><span style=\"color: #999999;\"><em>Quelle: https:\/\/filmsfortheearth.org\/de\/<\/em><\/span><\/p>\n<p>Wenn man das Wort Filmfestival h\u00f6rt, kommen einem Glamour und Hollywood in den Sinn. Man kann sich fliessende Kleider, blinkende Kameras und den roten Teppich vorstellen. Doch Filme f\u00fcr die Erde hat dies neu definiert. J\u00e4hrlich findet in mehreren St\u00e4dten und L\u00e4ndern ein st\u00e4ndig wachsendes Filmfestival von immenser Bedeutung statt.<!--more--><\/p>\n<p>Filme f\u00fcr die Erde ist ein internationales Zentrum, das sich daf\u00fcr einsetzt, das Wort Nachhaltigkeit zu verbreiten und die Menschen zu Klimaschutzma\u00dfnahmen zu inspirieren. Jedes Jahr w\u00e4hlt eine Jury sorgf\u00e4ltig eine Reihe von Filmen aus, die bei dieser Veranstaltung in Kinos\u00e4len des gesamten deutschsprachigen Raums gezeigt werden. Filme f\u00fcr die Erde ist so wertvoll, dass das Projekt mit der Nachhaltigkeitsinitiative der UNESCO ausgezeichnet wurde. Filme f\u00fcr die Erde ist nicht nur ein Informationsaustausch, sondern eine Kreuzung aus Klimaaktivismus, Kultur und Gemeinschaft, die den Kampf f\u00fcr eine Zukunft auf diesem Planeten verst\u00e4rkt.<\/p>\n<p><strong>Das Fest kommt nach St. Gallen<\/strong><\/p>\n<p>Und wir haben Gl\u00fcck! Filme f\u00fcr die Erde kommt wieder nach St. Gallen! Am 20. September werden im LOK f\u00fcnf verschiedene Filme zu f\u00fcnf relevanten Themen in der Schweiz und auf unserer Erde gezeigt. Das Festival ist kostenlos und alle sind herzlich eingeladen zu kommen. Dar\u00fcber hinaus ist das Festival f\u00fcr Schulen offen, wobei w\u00e4hrend des Tages Filme speziell f\u00fcr Sch\u00fcler gezeigt werden. Lehrer k\u00f6nnen ihre Klassen anmelden, indem sie die Website besuchen und sich anderen Schulen anschliessen, die an der Veranstaltung teilnehmen. Oder wenn Sie am 20. September keine Zeit haben, gibt es immer noch die M\u00f6glichkeit, Filme online kostenlos zu sehen, aus einer Auswahl von Filmen, die regelm\u00e4\u00dfig aktualisiert werden.<\/p>\n<p><strong>Filme in diesem Jahr<\/strong><\/p>\n<p><img data-attachment-id=\"989\" data-permalink=\"https:\/\/kantilive.ch\/index.php\/2019\/09\/16\/filme-fuer-die-erde-ein-fest-fuer-das-leben\/03d03a1f-9349-44f6-b5d9-db8f94293170\/\" data-orig-file=\"https:\/\/i1.wp.com\/kantilive.ch\/wp-content\/uploads\/2019\/09\/03D03A1F-9349-44F6-B5D9-DB8F94293170.jpeg?fit=1849%2C1237&amp;ssl=1\" data-orig-size=\"1849,1237\" data-comments-opened=\"0\" data-image-meta=\"{&quot;aperture&quot;:&quot;0&quot;,&quot;credit&quot;:&quot;&quot;,&quot;camera&quot;:&quot;&quot;,&quot;caption&quot;:&quot;&quot;,&quot;created_timestamp&quot;:&quot;0&quot;,&quot;copyright&quot;:&quot;&quot;,&quot;focal_length&quot;:&quot;0&quot;,&quot;iso&quot;:&quot;0&quot;,&quot;shutter_speed&quot;:&quot;0&quot;,&quot;title&quot;:&quot;&quot;,&quot;orientation&quot;:&quot;0&quot;}\" data-image-title=\"Youth Unstoppable\" data-image-description=\"&lt;p&gt;Ein genauerer Blick auf die globale Jugendklimabewegung, mit den Augen eines Klimaaktivistin. Wenn Sie nicht vorhaben, gleichzeitig am 20. Oktober am Klimastreik teilzunehmen, dann sind Sie eingeladen, sich diesen Film u\u0308ber die Bewegung anzusehen.&lt;br \/&gt;\nTrailer&lt;\/p&gt;\n\" data-medium-file=\"https:\/\/i1.wp.com\/kantilive.ch\/wp-content\/uploads\/2019\/09\/03D03A1F-9349-44F6-B5D9-DB8F94293170.jpeg?fit=300%2C201&amp;ssl=1\" data-large-file=\"https:\/\/i1.wp.com\/kantilive.ch\/wp-content\/uploads\/2019\/09\/03D03A1F-9349-44F6-B5D9-DB8F94293170.jpeg?fit=760%2C508&amp;ssl=1\" decoding=\"async\" loading=\"lazy\" class=\"size-medium wp-image-989 alignleft\" src=\"https:\/\/i1.wp.com\/kantilive.ch\/wp-content\/uploads\/2019\/09\/03D03A1F-9349-44F6-B5D9-DB8F94293170.jpeg?resize=300%2C201\" alt=\"\" width=\"300\" height=\"201\" srcset=\"https:\/\/i1.wp.com\/kantilive.ch\/wp-content\/uploads\/2019\/09\/03D03A1F-9349-44F6-B5D9-DB8F94293170.jpeg?resize=300%2C201&amp;ssl=1 300w, https:\/\/i1.wp.com\/kantilive.ch\/wp-content\/uploads\/2019\/09\/03D03A1F-9349-44F6-B5D9-DB8F94293170.jpeg?resize=768%2C514&amp;ssl=1 768w, https:\/\/i1.wp.com\/kantilive.ch\/wp-content\/uploads\/2019\/09\/03D03A1F-9349-44F6-B5D9-DB8F94293170.jpeg?resize=1024%2C685&amp;ssl=1 1024w, https:\/\/i1.wp.com\/kantilive.ch\/wp-content\/uploads\/2019\/09\/03D03A1F-9349-44F6-B5D9-DB8F94293170.jpeg?resize=1320%2C883&amp;ssl=1 1320w, https:\/\/i1.wp.com\/kantilive.ch\/wp-content\/uploads\/2019\/09\/03D03A1F-9349-44F6-B5D9-DB8F94293170.jpeg?w=1849&amp;ssl=1 1849w, https:\/\/i1.wp.com\/kantilive.ch\/wp-content\/uploads\/2019\/09\/03D03A1F-9349-44F6-B5D9-DB8F94293170.jpeg?w=1520 1520w\" sizes=\"(max-width: 300px) 100vw, 300px\" data-recalc-dims=\"1\" \/><\/p>\n<p>&nbsp;<\/p>\n<p>&nbsp;<\/p>\n<p>&nbsp;<\/p>\n<p>&nbsp;<\/p>\n<p>&nbsp;<\/p>\n<p><strong>14:00 Uhr Youth Unstoppable<\/strong><br \/>\nEin genauerer Blick auf die globale Jugendklimabewegung, mit den Augen einer Klimaaktivistin. Wenn Sie nicht vorhaben, gleichzeitig am 20. September am Klimastreik teilzunehmen, dann sind Sie eingeladen, sich diesen Film \u00fcber die Bewegung anzusehen.<\/p>\n<p><img data-attachment-id=\"990\" data-permalink=\"https:\/\/kantilive.ch\/index.php\/2019\/09\/16\/filme-fuer-die-erde-ein-fest-fuer-das-leben\/47a7eefa-c022-47fa-b285-48519001bb82\/\" data-orig-file=\"https:\/\/i1.wp.com\/kantilive.ch\/wp-content\/uploads\/2019\/09\/47A7EEFA-C022-47FA-B285-48519001BB82.jpeg?fit=927%2C1386&amp;ssl=1\" data-orig-size=\"927,1386\" data-comments-opened=\"0\" data-image-meta=\"{&quot;aperture&quot;:&quot;0&quot;,&quot;credit&quot;:&quot;&quot;,&quot;camera&quot;:&quot;&quot;,&quot;caption&quot;:&quot;&quot;,&quot;created_timestamp&quot;:&quot;0&quot;,&quot;copyright&quot;:&quot;&quot;,&quot;focal_length&quot;:&quot;0&quot;,&quot;iso&quot;:&quot;0&quot;,&quot;shutter_speed&quot;:&quot;0&quot;,&quot;title&quot;:&quot;&quot;,&quot;orientation&quot;:&quot;1&quot;}\" data-image-title=\"47A7EEFA-C022-47FA-B285-48519001BB82\" data-image-description=\"\" data-medium-file=\"https:\/\/i1.wp.com\/kantilive.ch\/wp-content\/uploads\/2019\/09\/47A7EEFA-C022-47FA-B285-48519001BB82.jpeg?fit=201%2C300&amp;ssl=1\" data-large-file=\"https:\/\/i1.wp.com\/kantilive.ch\/wp-content\/uploads\/2019\/09\/47A7EEFA-C022-47FA-B285-48519001BB82.jpeg?fit=685%2C1024&amp;ssl=1\" decoding=\"async\" loading=\"lazy\" class=\"size-medium wp-image-990 alignleft\" src=\"https:\/\/i1.wp.com\/kantilive.ch\/wp-content\/uploads\/2019\/09\/47A7EEFA-C022-47FA-B285-48519001BB82.jpeg?resize=201%2C300\" alt=\"\" width=\"201\" height=\"300\" srcset=\"https:\/\/i1.wp.com\/kantilive.ch\/wp-content\/uploads\/2019\/09\/47A7EEFA-C022-47FA-B285-48519001BB82.jpeg?resize=201%2C300&amp;ssl=1 201w, https:\/\/i1.wp.com\/kantilive.ch\/wp-content\/uploads\/2019\/09\/47A7EEFA-C022-47FA-B285-48519001BB82.jpeg?resize=768%2C1148&amp;ssl=1 768w, https:\/\/i1.wp.com\/kantilive.ch\/wp-content\/uploads\/2019\/09\/47A7EEFA-C022-47FA-B285-48519001BB82.jpeg?resize=685%2C1024&amp;ssl=1 685w, https:\/\/i1.wp.com\/kantilive.ch\/wp-content\/uploads\/2019\/09\/47A7EEFA-C022-47FA-B285-48519001BB82.jpeg?w=927&amp;ssl=1 927w\" sizes=\"(max-width: 201px) 100vw, 201px\" data-recalc-dims=\"1\" \/><\/p>\n<p>&nbsp;<\/p>\n<p>&nbsp;<\/p>\n<p>&nbsp;<\/p>\n<p>&nbsp;<\/p>\n<p>&nbsp;<\/p>\n<p>&nbsp;<\/p>\n<p>&nbsp;<\/p>\n<p><strong>16:00 Uhr Honeyland<\/strong><br \/>\nDie Geschichte \u00fcber einen der letzten alten traditionellen Imker auf dem Balkan und den Kampf um das Gleichgewicht zwischen Natur und Menschlichkeit.<\/p>\n<p><a href=\"https:\/\/m.youtube.com\/watch?v=B27ORUHlp6E\" target=\"_blank\" rel=\"noopener noreferrer\">Trailer<\/a><\/p>\n<p><img data-attachment-id=\"991\" data-permalink=\"https:\/\/kantilive.ch\/index.php\/2019\/09\/16\/filme-fuer-die-erde-ein-fest-fuer-das-leben\/807150b9-08a0-4eeb-b817-e6e3ac6a0426\/\" data-orig-file=\"https:\/\/i2.wp.com\/kantilive.ch\/wp-content\/uploads\/2019\/09\/807150B9-08A0-4EEB-B817-E6E3AC6A0426.jpeg?fit=823%2C1268&amp;ssl=1\" data-orig-size=\"823,1268\" data-comments-opened=\"0\" data-image-meta=\"{&quot;aperture&quot;:&quot;0&quot;,&quot;credit&quot;:&quot;&quot;,&quot;camera&quot;:&quot;&quot;,&quot;caption&quot;:&quot;&quot;,&quot;created_timestamp&quot;:&quot;0&quot;,&quot;copyright&quot;:&quot;&quot;,&quot;focal_length&quot;:&quot;0&quot;,&quot;iso&quot;:&quot;0&quot;,&quot;shutter_speed&quot;:&quot;0&quot;,&quot;title&quot;:&quot;&quot;,&quot;orientation&quot;:&quot;0&quot;}\" data-image-title=\"807150B9-08A0-4EEB-B817-E6E3AC6A0426\" data-image-description=\"\" data-medium-file=\"https:\/\/i2.wp.com\/kantilive.ch\/wp-content\/uploads\/2019\/09\/807150B9-08A0-4EEB-B817-E6E3AC6A0426.jpeg?fit=195%2C300&amp;ssl=1\" data-large-file=\"https:\/\/i2.wp.com\/kantilive.ch\/wp-content\/uploads\/2019\/09\/807150B9-08A0-4EEB-B817-E6E3AC6A0426.jpeg?fit=665%2C1024&amp;ssl=1\" decoding=\"async\" loading=\"lazy\" class=\"size-medium wp-image-991 alignleft\" src=\"https:\/\/i1.wp.com\/kantilive.ch\/wp-content\/uploads\/2019\/09\/807150B9-08A0-4EEB-B817-E6E3AC6A0426-195x300.jpeg?resize=195%2C300\" alt=\"\" width=\"195\" height=\"300\" srcset=\"https:\/\/i2.wp.com\/kantilive.ch\/wp-content\/uploads\/2019\/09\/807150B9-08A0-4EEB-B817-E6E3AC6A0426.jpeg?resize=195%2C300&amp;ssl=1 195w, https:\/\/i2.wp.com\/kantilive.ch\/wp-content\/uploads\/2019\/09\/807150B9-08A0-4EEB-B817-E6E3AC6A0426.jpeg?resize=768%2C1183&amp;ssl=1 768w, https:\/\/i2.wp.com\/kantilive.ch\/wp-content\/uploads\/2019\/09\/807150B9-08A0-4EEB-B817-E6E3AC6A0426.jpeg?resize=665%2C1024&amp;ssl=1 665w, https:\/\/i2.wp.com\/kantilive.ch\/wp-content\/uploads\/2019\/09\/807150B9-08A0-4EEB-B817-E6E3AC6A0426.jpeg?w=823&amp;ssl=1 823w\" sizes=\"(max-width: 195px) 100vw, 195px\" data-recalc-dims=\"1\" \/><\/p>\n<p>&nbsp;<\/p>\n<p>&nbsp;<\/p>\n<p>&nbsp;<\/p>\n<p>&nbsp;<\/p>\n<p>&nbsp;<\/p>\n<p>&nbsp;<\/p>\n<p>&nbsp;<\/p>\n<p><strong>18:00 Uhr The Biggest Smallest Farm<\/strong><br \/>\nSehen Sie, wie ein junges Paar mit Hingabe den Ort der trostlosen W\u00fcste in einen Fleck fruchtbaren Landes verwandelt.<br \/>\n<a href=\"https:\/\/m.youtube.com\/watch?v=B27ORUHlp6E\" target=\"_blank\" rel=\"noopener noreferrer\">Trailer<\/a><\/p>\n<h3><img data-attachment-id=\"992\" data-permalink=\"https:\/\/kantilive.ch\/index.php\/2019\/09\/16\/filme-fuer-die-erde-ein-fest-fuer-das-leben\/d971b57f-c44c-4a8b-8303-fcc91cd54d0a\/\" data-orig-file=\"https:\/\/i1.wp.com\/kantilive.ch\/wp-content\/uploads\/2019\/09\/D971B57F-C44C-4A8B-8303-FCC91CD54D0A.jpeg?fit=1852%2C972&amp;ssl=1\" data-orig-size=\"1852,972\" data-comments-opened=\"0\" data-image-meta=\"{&quot;aperture&quot;:&quot;0&quot;,&quot;credit&quot;:&quot;&quot;,&quot;camera&quot;:&quot;&quot;,&quot;caption&quot;:&quot;&quot;,&quot;created_timestamp&quot;:&quot;0&quot;,&quot;copyright&quot;:&quot;&quot;,&quot;focal_length&quot;:&quot;0&quot;,&quot;iso&quot;:&quot;0&quot;,&quot;shutter_speed&quot;:&quot;0&quot;,&quot;title&quot;:&quot;&quot;,&quot;orientation&quot;:&quot;1&quot;}\" data-image-title=\"D971B57F-C44C-4A8B-8303-FCC91CD54D0A\" data-image-description=\"\" data-medium-file=\"https:\/\/i1.wp.com\/kantilive.ch\/wp-content\/uploads\/2019\/09\/D971B57F-C44C-4A8B-8303-FCC91CD54D0A.jpeg?fit=300%2C157&amp;ssl=1\" data-large-file=\"https:\/\/i1.wp.com\/kantilive.ch\/wp-content\/uploads\/2019\/09\/D971B57F-C44C-4A8B-8303-FCC91CD54D0A.jpeg?fit=760%2C399&amp;ssl=1\" decoding=\"async\" loading=\"lazy\" class=\"size-medium wp-image-992 alignleft\" src=\"https:\/\/i1.wp.com\/kantilive.ch\/wp-content\/uploads\/2019\/09\/D971B57F-C44C-4A8B-8303-FCC91CD54D0A.jpeg?resize=300%2C157\" alt=\"\" width=\"300\" height=\"157\" srcset=\"https:\/\/i1.wp.com\/kantilive.ch\/wp-content\/uploads\/2019\/09\/D971B57F-C44C-4A8B-8303-FCC91CD54D0A.jpeg?resize=300%2C157&amp;ssl=1 300w, https:\/\/i1.wp.com\/kantilive.ch\/wp-content\/uploads\/2019\/09\/D971B57F-C44C-4A8B-8303-FCC91CD54D0A.jpeg?resize=768%2C403&amp;ssl=1 768w, https:\/\/i1.wp.com\/kantilive.ch\/wp-content\/uploads\/2019\/09\/D971B57F-C44C-4A8B-8303-FCC91CD54D0A.jpeg?resize=1024%2C537&amp;ssl=1 1024w, https:\/\/i1.wp.com\/kantilive.ch\/wp-content\/uploads\/2019\/09\/D971B57F-C44C-4A8B-8303-FCC91CD54D0A.jpeg?resize=1320%2C693&amp;ssl=1 1320w, https:\/\/i1.wp.com\/kantilive.ch\/wp-content\/uploads\/2019\/09\/D971B57F-C44C-4A8B-8303-FCC91CD54D0A.jpeg?w=1852&amp;ssl=1 1852w, https:\/\/i1.wp.com\/kantilive.ch\/wp-content\/uploads\/2019\/09\/D971B57F-C44C-4A8B-8303-FCC91CD54D0A.jpeg?w=1520 1520w\" sizes=\"(max-width: 300px) 100vw, 300px\" data-recalc-dims=\"1\" \/><\/h3>\n<p>&nbsp;<\/p>\n<p>&nbsp;<\/p>\n<p>&nbsp;<\/p>\n<p>&nbsp;<\/p>\n<p><strong>20:00 Uhr The Serengti Rules<\/strong><br \/>\nDie Eroberung von vier Wissenschaftler*innen, um die Geheimnisse eines gesunden \u00d6kosystems zu entdecken und die\u00a0Entdeckung, wie wir unsere \u00d6kosysteme wieder ins Gleichgewicht bringen k\u00f6nnen.<br \/>\n<a href=\"https:\/\/m.youtube.com\/watch?v=FrTWckslnl4\" target=\"_blank\" rel=\"noopener noreferrer\">Trailer<\/a><\/p>\n","protected":false},"excerpt":{"rendered":"<p>Quelle: https:\/\/filmsfortheearth.org\/de\/ Wenn man das Wort Filmfestival h\u00f6rt, kommen einem Glamour und Hollywood in den Sinn. Man kann sich fliessende Kleider, blinkende Kameras und den &hellip; <\/p>\n","protected":false},"author":18,"featured_media":993,"comment_status":"closed","ping_status":"closed","sticky":false,"template":"","format":"standard","meta":{"spay_email":"","jetpack_publicize_message":"","jetpack_is_tweetstorm":false},"categories":[5,9],"tags":[153,152,129],"jetpack_featured_media_url":"https:\/\/i1.wp.com\/kantilive.ch\/wp-content\/uploads\/2019\/09\/FBE8C2E2-82D3-45D0-99C0-7D03E6D9B4B5.jpeg?fit=1446%2C922&ssl=1","jetpack_publicize_connections":[],"jetpack_sharing_enabled":true,"jetpack_shortlink":"https:\/\/wp.me\/pav19Q-g6","jetpack-related-posts":[{"id":1465,"url":"https:\/\/kantilive.ch\/index.php\/2020\/03\/25\/der-film-stundenplan\/","url_meta":{"origin":998,"position":0},"title":"Der Film-Stundenplan","date":"25. M\u00e4rz 2020","format":false,"excerpt":"\u00a0 Bildquelle: IMDb Entweder als Erg\u00e4nzung zu Arbeitsauftr\u00e4gen oder als Ersatz f\u00fcr verpasste Lektionen: Hier findet ihr eine Liste mit Filmen f\u00fcr jedes eurer Schulf\u00e4cher. Unterhaltsam, lehrreich, lustig, ob Blockbuster, Drama oder Geheimtipp \u2013 f\u00fcr jeden Filmgeschmack h\u00e4lt meine Liste etwas bereit. Zu jedem Fach habe ich zwei Filme ausgesucht,\u2026","rel":"","context":"In &quot;Allgemein&quot;","img":{"alt_text":"","src":"https:\/\/i0.wp.com\/kantilive.ch\/wp-content\/uploads\/2020\/03\/8F83F0F8-782F-4030-8540-BB1A755FA9A7.jpeg?fit=1200%2C1200&ssl=1&resize=350%2C200","width":350,"height":200},"classes":[]},{"id":2553,"url":"https:\/\/kantilive.ch\/index.php\/2021\/02\/22\/peak-performance-sprachen-sind-der-schluessel-zur-welt\/","url_meta":{"origin":998,"position":1},"title":"Peak Performance \u2013 Sprachen sind der Schl\u00fcssel zur Welt","date":"22. Februar 2021","format":false,"excerpt":"Oh nein,\u00a0eine\u00a0Doppelstunde\u00a0Fremdsprachen!\u00a0Schon wieder,\u00a0das bringt mir doch sowieso nichts!\u00a0\u00a0 Sicher? Wieso\u00a0lernen\u00a0wir\u00a0denn\u00a0\u00fcberhaupt\u00a0andere Sprachen?\u00a0Woher kommen all die verschiedenen Sprachen?\u00a0Wie\u00a0lerne\u00a0ich am\u00a0effizientesten eine Fremdsprache?\u00a0\u00a0 In diesem Artikel werden wir diesen und noch vielen weiteren Fragen auf den Grund gehen. Wir\u00a0widmen\u00a0uns\u00a0unter anderem\u00a0den Indoeurop\u00e4ischen\u00a0Sprachen, welche\u00a0eng mit unserer Kultur\u00a0und\u00a0heutigen Sprache\u00a0verkn\u00fcpft\u00a0sind.\u00a0Zudem\u00a0behandeln wir\u00a0einige bew\u00e4hrte Methoden zum Erlernen neuer Sprachen.\u00a0 Welcome,\u00a0bienvenido,\u00a0bienvenu,\u00a0benvenuto,\u00a0\u6b22\u8fce!\u00a0\u00a0\u2026","rel":"","context":"In &quot;Allgemein&quot;","img":{"alt_text":"","src":"https:\/\/i1.wp.com\/kantilive.ch\/wp-content\/uploads\/2021\/02\/friends-scaled.jpg?fit=1200%2C801&ssl=1&resize=350%2C200","width":350,"height":200},"classes":[]},{"id":2659,"url":"https:\/\/kantilive.ch\/index.php\/2021\/03\/10\/schuelerinnenschaft-aerztinnen-oder-fussgaengerinnenstreifen-warum-sollte-mensch-sich-das-gendern-antun\/","url_meta":{"origin":998,"position":2},"title":"Sch\u00fcler*innenschaft, \u00c4rzt*innen oder Fu\u00dfg\u00e4nger*innenstreifen - Warum sollte mensch sich das Gendern antun?","date":"10. M\u00e4rz 2021","format":false,"excerpt":"Auf den ersten Blick scheint es f\u00fcr viele zu kompliziert und umst\u00e4ndlich, doch Bef\u00fcrworter*innen finden, dass man sich rasch daran gew\u00f6hnt, wenn man m\u00f6chte: Das Gendern. Abgesehen vom Sonderzeichen inmitten eines Wortes geht es beim Gendern um viel mehr. Es geht um die Gleichberechtigung f\u00fcr alle Geschlechter, welche durch das\u2026","rel":"","context":"In &quot;Allgemein&quot;","img":{"alt_text":"","src":"https:\/\/i1.wp.com\/kantilive.ch\/wp-content\/uploads\/2021\/03\/4CF2250D-9742-478F-AD55-7E17E493E61E.jpeg?fit=1024%2C577&ssl=1&resize=350%2C200","width":350,"height":200},"classes":[]},{"id":142,"url":"https:\/\/kantilive.ch\/index.php\/2018\/12\/30\/weihnachtszeit-was-nicht-fehlen-darf\/","url_meta":{"origin":998,"position":3},"title":"Weihnachtszeit - Was nicht fehlen darf","date":"30. Dezember 2018","format":false,"excerpt":"Wenn es die allj\u00e4hrliche Vorweihnachts-Pr\u00fcfungsphase erlaubt, die Adventszeit zu geniessen, dann haben wir hier einige Dinge f\u00fcr dich, auf die du nicht verzichten m\u00fcssen sollst. Der heissbeliebte Weihnachtsmarkt Etwas, dass man sich auf keinen Fall entgehen lassen darf, ist der Weihnachtsmarkt in unserer Sternenstadt St. Gallen. Man findet dort n\u00e4mlich\u2026","rel":"","context":"In &quot;Unterhaltung&quot;","img":{"alt_text":"","src":"https:\/\/i0.wp.com\/kantilive.ch\/wp-content\/uploads\/2018\/12\/Weihnachtsmarkt.jpg?resize=350%2C200","width":350,"height":200},"classes":[]},{"id":534,"url":"https:\/\/kantilive.ch\/index.php\/2019\/03\/29\/otherside-die-andere-seite-queers\/","url_meta":{"origin":998,"position":4},"title":"Otherside \u2013 die andere Seite der Queers","date":"29. M\u00e4rz 2019","format":false,"excerpt":"(Bild: Instagram: otherside.lgbtq) In einem Umfeld voller Missverst\u00e4ndnisse, und wo ein Mangel an Klarheit herrscht, findet sich neu eine Gruppe, die der Offenheit eine Chance geben m\u00f6chte. Die flackernden Lichter der Bar La Buena Onda, laden die Passanten ein, herein zu kommen. Die blaugr\u00fcnen W\u00e4nde hinter dem Sofa, auf dem\u2026","rel":"","context":"In &quot;Infos \/ Events&quot;","img":{"alt_text":"","src":"https:\/\/i0.wp.com\/kantilive.ch\/wp-content\/uploads\/2019\/03\/otherside.png?fit=1179%2C1200&ssl=1&resize=350%2C200","width":350,"height":200},"classes":[]},{"id":2001,"url":"https:\/\/kantilive.ch\/index.php\/2020\/06\/27\/buecher-serien-und-filmempfehlungen\/","url_meta":{"origin":998,"position":5},"title":"B\u00fccher-, Serien- und Filmempfehlungen","date":"27. Juni 2020","format":false,"excerpt":"Als Sch\u00fclerIn gew\u00f6hnt man sich fr\u00fch daran, h\u00e4ufig B\u00fccher lesen zu m\u00fcssen oder d\u00fcrfen. Sie sind immens wichtig f\u00fcr eine gute Bildung und werden gerne von Lehrern verwendet, um sich mit einem bestimmten Thema genauer auseinanderzusetzen, eine Sprache besser zu lernen und das Wissen der Sch\u00fcler zu erweitern. Auch Filme\u2026","rel":"","context":"In &quot;Allgemein&quot;","img":{"alt_text":"","src":"https:\/\/i0.wp.com\/kantilive.ch\/wp-content\/uploads\/2020\/06\/172AC003-E7A0-47BE-A1E5-292E53BCFB6D.jpeg?fit=750%2C749&ssl=1&resize=350%2C200","width":350,"height":200},"classes":[]}],"_links":{"self":[{"href":"https:\/\/kantilive.ch\/index.php\/wp-json\/wp\/v2\/posts\/998"}],"collection":[{"href":"https:\/\/kantilive.ch\/index.php\/wp-json\/wp\/v2\/posts"}],"about":[{"href":"https:\/\/kantilive.ch\/index.php\/wp-json\/wp\/v2\/types\/post"}],"author":[{"embeddable":true,"href":"https:\/\/kantilive.ch\/index.php\/wp-json\/wp\/v2\/users\/18"}],"replies":[{"embeddable":true,"href":"https:\/\/kantilive.ch\/index.php\/wp-json\/wp\/v2\/comments?post=998"}],"version-history":[{"count":10,"href":"https:\/\/kantilive.ch\/index.php\/wp-json\/wp\/v2\/posts\/998\/revisions"}],"predecessor-version":[{"id":1043,"href":"https:\/\/kantilive.ch\/index.php\/wp-json\/wp\/v2\/posts\/998\/revisions\/1043"}],"wp:featuredmedia":[{"embeddable":true,"href":"https:\/\/kantilive.ch\/index.php\/wp-json\/wp\/v2\/media\/993"}],"wp:attachment":[{"href":"https:\/\/kantilive.ch\/index.php\/wp-json\/wp\/v2\/media?parent=998"}],"wp:term":[{"taxonomy":"category","embeddable":true,"href":"https:\/\/kantilive.ch\/index.php\/wp-json\/wp\/v2\/categories?post=998"},{"taxonomy":"post_tag","embeddable":true,"href":"https:\/\/kantilive.ch\/index.php\/wp-json\/wp\/v2\/tags?post=998"}],"curies":[{"name":"wp","href":"https:\/\/api.w.org\/{rel}","templated":true}]}}